{"id":69656,"date":"2025-07-29T12:34:03","date_gmt":"2025-07-29T18:34:03","guid":{"rendered":"https:\/\/encuentroinformativo.com.mx\/?p=69656"},"modified":"2025-07-29T12:34:03","modified_gmt":"2025-07-29T18:34:03","slug":"se-suma-dif-municipal-a-semana-para-promover-la-lactancia-materna","status":"publish","type":"post","link":"https:\/\/encuentroinformativo.com.mx\/?p=69656","title":{"rendered":"Se suma DIF municipal a semana para promover la lactancia materna"},"content":{"rendered":"<p><strong>Dar\u00edo Pale<\/strong><\/p>\n<p>Xalapa, Ver.- El director del DIF Xalapa, Alejandro Del Angel Aguilar, dio a conocer que por cuarto a\u00f1o consecutivo, el Ayuntamiento de Xalapa, a trav\u00e9s del DIF Municipal, se suma a la Semana Mundial de la Lactancia Materna, con la realizaci\u00f3n del evento \u201cLa Gran Lactada\u201d, que tendr\u00e1 lugar el pr\u00f3ximo 3 de agosto a las 11:00 horas en el Parque de Los Tecajetes.<\/p>\n<p>Destac\u00f3 que este encuentro es una acci\u00f3n afirmativa que busca visibilizar, promover y proteger el derecho de los ni\u00f1os y ni\u00f1as a una alimentaci\u00f3n sana desde los primeros d\u00edas de vida.<\/p>\n<p>Se convoca a un grupo de madres que practican la lactancia materna exclusiva, mixta o diferida, para amamantar de manera colectiva durante un minuto, en un gesto simb\u00f3lico de unidad y apoyo a la ni\u00f1ez xalape\u00f1a.<\/p>\n<p>\u201cEstamos convencidos de que la lactancia materna es el apoyo alimentario m\u00e1s importante y valioso que pueden recibir los ni\u00f1os y ni\u00f1as para su desarrollo\u201d, expres\u00f3.<\/p>\n<p>El funcionario municipal extendi\u00f3 la invitaci\u00f3n a madres lactantes, mujeres embarazadas, especialistas en salud materno-infantil y ciudadan\u00eda en general a participar en esta jornada de concientizaci\u00f3n por la lactancia materna, la cual es un acto de amor, salud y bienestar que fortalece el v\u00ednculo madre-hijo y mejora la calidad de vida de la infancia.<\/p>\n<p>Se espera la participaci\u00f3n de m\u00e1s de 100 mujeres en per\u00edodo de lactancia, quienes se encuentren interesadas en participar pueden registrarse, ttps:\/\/docs.google.com\/forms\/d\/e\/1FAIpQLSe_Tb-qYIYHOAOa5bwcH15K-FIuNsWK19OrhyTSZ9XDss9uKA\/viewform?usp=header .<\/p>\n","protected":false},"excerpt":{"rendered":"<p>Dar\u00edo Pale Xalapa, Ver.- El director del DIF Xalapa, Alejandro Del Angel Aguilar, dio a conocer que por cuarto a\u00f1o consecutivo, el Ayuntamiento de Xalapa, a trav\u00e9s del DIF Municipal, se suma a la Semana Mundial de la Lactancia Materna, con la realizaci\u00f3n del evento \u201cLa Gran Lactada\u201d, que tendr\u00e1 lugar el pr\u00f3ximo 3 de [&hellip;]<\/p>\n","protected":false},"author":2476,"featured_media":69657,"comment_status":"open","ping_status":"open","sticky":false,"template":"","format":"standard","meta":{"_jetpack_memberships_contains_paid_content":false,"footnotes":""},"categories":[3],"tags":[],"class_list":["post-69656","post","type-post","status-publish","format-standard","has-post-thumbnail","hentry","category-xalapa"],"jetpack_featured_media_url":"https:\/\/encuentroinformativo.com.mx\/wp-content\/uploads\/2025\/07\/IMG-20250729-WA01282.jpg","jetpack_sharing_enabled":true,"jetpack_likes_enabled":true,"amp_enabled":true,"_links":{"self":[{"href":"https:\/\/encuentroinformativo.com.mx\/index.php?rest_route=\/wp\/v2\/posts\/69656","targetHints":{"allow":["GET"]}}],"collection":[{"href":"https:\/\/encuentroinformativo.com.mx\/index.php?rest_route=\/wp\/v2\/posts"}],"about":[{"href":"https:\/\/encuentroinformativo.com.mx\/index.php?rest_route=\/wp\/v2\/types\/post"}],"author":[{"embeddable":true,"href":"https:\/\/encuentroinformativo.com.mx\/index.php?rest_route=\/wp\/v2\/users\/2476"}],"replies":[{"embeddable":true,"href":"https:\/\/encuentroinformativo.com.mx\/index.php?rest_route=%2Fwp%2Fv2%2Fcomments&post=69656"}],"version-history":[{"count":1,"href":"https:\/\/encuentroinformativo.com.mx\/index.php?rest_route=\/wp\/v2\/posts\/69656\/revisions"}],"predecessor-version":[{"id":69658,"href":"https:\/\/encuentroinformativo.com.mx\/index.php?rest_route=\/wp\/v2\/posts\/69656\/revisions\/69658"}],"wp:featuredmedia":[{"embeddable":true,"href":"https:\/\/encuentroinformativo.com.mx\/index.php?rest_route=\/wp\/v2\/media\/69657"}],"wp:attachment":[{"href":"https:\/\/encuentroinformativo.com.mx\/index.php?rest_route=%2Fwp%2Fv2%2Fmedia&parent=69656"}],"wp:term":[{"taxonomy":"category","embeddable":true,"href":"https:\/\/encuentroinformativo.com.mx\/index.php?rest_route=%2Fwp%2Fv2%2Fcategories&post=69656"},{"taxonomy":"post_tag","embeddable":true,"href":"https:\/\/encuentroinformativo.com.mx\/index.php?rest_route=%2Fwp%2Fv2%2Ftags&post=69656"}],"curies":[{"name":"wp","href":"https:\/\/api.w.org\/{rel}","templated":true}]}}