{"id":69672,"date":"2025-07-30T13:33:38","date_gmt":"2025-07-30T19:33:38","guid":{"rendered":"https:\/\/encuentroinformativo.com.mx\/?p=69672"},"modified":"2025-07-30T13:33:38","modified_gmt":"2025-07-30T19:33:38","slug":"familiares-exigen-aparicion-de-antonio-aldazaba","status":"publish","type":"post","link":"https:\/\/encuentroinformativo.com.mx\/?p=69672","title":{"rendered":"Familiares exigen aparici\u00f3n de Antonio Aldazaba"},"content":{"rendered":"<p><strong>Dar\u00edo Pale<\/strong><\/p>\n<p>Xalapa, Ver.- Exigen la aparici\u00f3n del joven Antonio Aldazaba S\u00e1nchez quien desapareci\u00f3 el pasado 10 de julio del presente a\u00f1o en Xalapa, sus familiares se\u00f1alan que desconocen su paradero, ya presentaron la denuncia por su desaparici\u00f3n.<\/p>\n<p>Familiares del joven se\u00f1alaron que, han transcurrido ya 18 d\u00edas desde la desaparici\u00f3n del joven xalape\u00f1o por lo que la incertidumbre y la preocupaci\u00f3n crecen entre sus familiares, quienes han intensificado sus esfuerzos para localizarlo.<\/p>\n<p>La familia ha recurrido a diferentes instancias para solicitar apoyo en la b\u00fasqueda. Han presentado la denuncia correspondiente ante la Fiscal\u00eda General del Estado (FGE) de Veracruz y comenzaron con la distribuci\u00f3n de fotograf\u00edas, as\u00ed como la difusi\u00f3n de informaci\u00f3n en redes sociales para intentar obtener pistas.<\/p>\n<p>De acuerdo con los testimonios de sus seres queridos, Antonio perdi\u00f3 todo tipo de comunicaci\u00f3n con ellos ese viernes, sin dejar rastro alguno sobre su paradero, desde entonces, no hay indicios claros que ayuden a esclarecer qu\u00e9 fue lo que ocurri\u00f3 ni en qu\u00e9 circunstancias desapareci\u00f3.<\/p>\n<p>Adem\u00e1s, se han sumado a diversos colectivos y organizaciones de b\u00fasqueda, con la esperanza de que la solidaridad ciudadana y la presi\u00f3n social ayuden a acelerar las investigaciones. \u201cLo \u00fanico que queremos es encontrar a Antonio\u201d, expresaron.<\/p>\n<p>En medio del dolor y la desesperaci\u00f3n, sus familiares hacen un llamado urgente a las autoridades para que redoblen los esfuerzos en la localizaci\u00f3n del joven y se act\u00fae con mayor eficacia. Reprochan que, hasta el momento, no han recibido avances significativos por parte de los encargados de la investigaci\u00f3n.<\/p>\n<p>La desaparici\u00f3n de Antonio Aldazaba S\u00e1nchez se suma a otros casos similares en la regi\u00f3n, lo que mantiene a la ciudadan\u00eda en estado de alerta.<\/p>\n<p>La familia insiste en que no dejar\u00e1n de buscarlo hasta encontrarlo y reiteran su petici\u00f3n a la poblaci\u00f3n para que, si alguien tiene informaci\u00f3n sobre su paradero, la comparta de forma an\u00f3nima y segura.<\/p>\n<p>Fue el d\u00eda lunes 14 de julio cuando sus familiares llevaron a cabo la manifestaci\u00f3n y tambi\u00e9n bloquearon la calle Juan de la Luz Enr\u00edquez, en el centro de la capital veracruzana, para exigir su pronta aparici\u00f3n.<\/p>\n<p>La ficha contiene los siguientes datos, 30 a\u00f1os estatura 1 metro con 60 cent\u00edmetros ojos negros color de piel blanca, cabello corto, negro y lacio se\u00f1as particulares, cicatriz en la nariz y detr\u00e1s de la oreja.<\/p>\n","protected":false},"excerpt":{"rendered":"<p>Dar\u00edo Pale Xalapa, Ver.- Exigen la aparici\u00f3n del joven Antonio Aldazaba S\u00e1nchez quien desapareci\u00f3 el pasado 10 de julio del presente a\u00f1o en Xalapa, sus familiares se\u00f1alan que desconocen su paradero, ya presentaron la denuncia por su desaparici\u00f3n. Familiares del joven se\u00f1alaron que, han transcurrido ya 18 d\u00edas desde la desaparici\u00f3n del joven xalape\u00f1o por [&hellip;]<\/p>\n","protected":false},"author":2476,"featured_media":69673,"comment_status":"open","ping_status":"open","sticky":false,"template":"","format":"standard","meta":{"_jetpack_memberships_contains_paid_content":false,"footnotes":""},"categories":[3],"tags":[],"class_list":["post-69672","post","type-post","status-publish","format-standard","has-post-thumbnail","hentry","category-xalapa"],"jetpack_featured_media_url":"https:\/\/encuentroinformativo.com.mx\/wp-content\/uploads\/2025\/07\/IMG-20250730-WA0119.jpg","jetpack_sharing_enabled":true,"jetpack_likes_enabled":true,"amp_enabled":true,"_links":{"self":[{"href":"https:\/\/encuentroinformativo.com.mx\/index.php?rest_route=\/wp\/v2\/posts\/69672","targetHints":{"allow":["GET"]}}],"collection":[{"href":"https:\/\/encuentroinformativo.com.mx\/index.php?rest_route=\/wp\/v2\/posts"}],"about":[{"href":"https:\/\/encuentroinformativo.com.mx\/index.php?rest_route=\/wp\/v2\/types\/post"}],"author":[{"embeddable":true,"href":"https:\/\/encuentroinformativo.com.mx\/index.php?rest_route=\/wp\/v2\/users\/2476"}],"replies":[{"embeddable":true,"href":"https:\/\/encuentroinformativo.com.mx\/index.php?rest_route=%2Fwp%2Fv2%2Fcomments&post=69672"}],"version-history":[{"count":2,"href":"https:\/\/encuentroinformativo.com.mx\/index.php?rest_route=\/wp\/v2\/posts\/69672\/revisions"}],"predecessor-version":[{"id":69675,"href":"https:\/\/encuentroinformativo.com.mx\/index.php?rest_route=\/wp\/v2\/posts\/69672\/revisions\/69675"}],"wp:featuredmedia":[{"embeddable":true,"href":"https:\/\/encuentroinformativo.com.mx\/index.php?rest_route=\/wp\/v2\/media\/69673"}],"wp:attachment":[{"href":"https:\/\/encuentroinformativo.com.mx\/index.php?rest_route=%2Fwp%2Fv2%2Fmedia&parent=69672"}],"wp:term":[{"taxonomy":"category","embeddable":true,"href":"https:\/\/encuentroinformativo.com.mx\/index.php?rest_route=%2Fwp%2Fv2%2Fcategories&post=69672"},{"taxonomy":"post_tag","embeddable":true,"href":"https:\/\/encuentroinformativo.com.mx\/index.php?rest_route=%2Fwp%2Fv2%2Ftags&post=69672"}],"curies":[{"name":"wp","href":"https:\/\/api.w.org\/{rel}","templated":true}]}}