{"id":69676,"date":"2025-07-30T13:45:18","date_gmt":"2025-07-30T19:45:18","guid":{"rendered":"https:\/\/encuentroinformativo.com.mx\/?p=69676"},"modified":"2025-07-30T13:45:18","modified_gmt":"2025-07-30T19:45:18","slug":"por-cuarta-ocasion-participaran-delfines-marching-bang-en-paseo-de-las-rosas","status":"publish","type":"post","link":"https:\/\/encuentroinformativo.com.mx\/?p=69676","title":{"rendered":"Por cuarta ocasi\u00f3n, participar\u00e1n Delfines Marching Bang en Paseo de las Rosas"},"content":{"rendered":"<p><strong>Dar\u00edo Pale<\/strong><\/p>\n<p>Xalapa, Ver.- Delfines Marching Band va por su cuarto desfile en el Paseo de las Rosas, el famoso evento ser\u00e1 el 1 de enero del 2026 en Pasadena, California, Estados Unidos, van a representar a M\u00e9xico.<\/p>\n<p>En conferencia de prensa, Jes\u00fas Emmanuel Mendoza Gonz\u00e1lez, director de la Banda Delfines de la Escuela Secundaria General 5, acompa\u00f1ado por Mark Leavens, presidente del Rose Parade, as\u00ed como de Saulo Romero Espinal, presidente de OCIMAC, mencion\u00f3 que se busca difundir la cultura mexicana.<\/p>\n<p>&#8220;Me siento muy contento y orgulloso de estar en el mejor desfile del mundo. Por cuarta ocasi\u00f3n representar\u00e1 a M\u00e9xico, por lo tanto, llevamos un poquito de la cultura de cada regi\u00f3n, un mosaico mexicano&#8221;, se\u00f1al\u00f3.<\/p>\n<p>Asimismo, destac\u00f3 que acudir\u00e1n m\u00e1s de 200 j\u00f3venes mexicanos los que acudir\u00e1n el 1 de enero marchando por las calles de Pasadena, &#8220;dando alegr\u00eda a todos y a la comunidad latina&#8221;.<\/p>\n<p>Saulo Romero Espinal, presidente de la Organizaci\u00f3n Cultural de Intercambios Culturales M\u00e9xico AC, (OCIIMAC), refiri\u00f3 que la organizaci\u00f3n promueve proyectos culturales en todo el mundo.<\/p>\n<p>En su oportunidad, Mark Leavens, presidente del Rose Parade, expuso su entusiasmo por el evento y la participaci\u00f3n de los j\u00f3venes mexicanos.<\/p>\n<p>Asimismo, manifest\u00f3 que m\u00e1s de 70 pa\u00edses y m\u00e1s de 50 millones de personas podr\u00e1n ver el desfile a trav\u00e9s de los medios y redes sociales.<\/p>\n<p>Adem\u00e1s, destac\u00f3 que muchas bandas locales buscan participar pero son 10 las seleccionadas; solo hay dos internacionales, la de M\u00e9xico y otra de Jap\u00f3n.<\/p>\n<p>Por su parte, el diputado federal por el Partido del Trabajo, Gerardo Olivares Mej\u00eda, manifest\u00f3 que se promueve la cultura, el arte y la m\u00fasica mexicana por todo el mundo y en particular en este evento.<\/p>\n<p>Finalmente destac\u00f3 que en el estado de Veracruz hay muchos j\u00f3venes talentos, as\u00ed como docentes que se preocupan en impulsar este tipo de grupos.<\/p>\n","protected":false},"excerpt":{"rendered":"<p>Dar\u00edo Pale Xalapa, Ver.- Delfines Marching Band va por su cuarto desfile en el Paseo de las Rosas, el famoso evento ser\u00e1 el 1 de enero del 2026 en Pasadena, California, Estados Unidos, van a representar a M\u00e9xico. En conferencia de prensa, Jes\u00fas Emmanuel Mendoza Gonz\u00e1lez, director de la Banda Delfines de la Escuela Secundaria [&hellip;]<\/p>\n","protected":false},"author":2476,"featured_media":69677,"comment_status":"open","ping_status":"open","sticky":false,"template":"","format":"standard","meta":{"_jetpack_memberships_contains_paid_content":false,"footnotes":""},"categories":[13,3],"tags":[],"class_list":["post-69676","post","type-post","status-publish","format-standard","has-post-thumbnail","hentry","category-internacional","category-xalapa"],"jetpack_featured_media_url":"https:\/\/encuentroinformativo.com.mx\/wp-content\/uploads\/2025\/07\/IMG-20250730-WA0146.jpg","jetpack_sharing_enabled":true,"jetpack_likes_enabled":true,"amp_enabled":true,"_links":{"self":[{"href":"https:\/\/encuentroinformativo.com.mx\/index.php?rest_route=\/wp\/v2\/posts\/69676","targetHints":{"allow":["GET"]}}],"collection":[{"href":"https:\/\/encuentroinformativo.com.mx\/index.php?rest_route=\/wp\/v2\/posts"}],"about":[{"href":"https:\/\/encuentroinformativo.com.mx\/index.php?rest_route=\/wp\/v2\/types\/post"}],"author":[{"embeddable":true,"href":"https:\/\/encuentroinformativo.com.mx\/index.php?rest_route=\/wp\/v2\/users\/2476"}],"replies":[{"embeddable":true,"href":"https:\/\/encuentroinformativo.com.mx\/index.php?rest_route=%2Fwp%2Fv2%2Fcomments&post=69676"}],"version-history":[{"count":1,"href":"https:\/\/encuentroinformativo.com.mx\/index.php?rest_route=\/wp\/v2\/posts\/69676\/revisions"}],"predecessor-version":[{"id":69678,"href":"https:\/\/encuentroinformativo.com.mx\/index.php?rest_route=\/wp\/v2\/posts\/69676\/revisions\/69678"}],"wp:featuredmedia":[{"embeddable":true,"href":"https:\/\/encuentroinformativo.com.mx\/index.php?rest_route=\/wp\/v2\/media\/69677"}],"wp:attachment":[{"href":"https:\/\/encuentroinformativo.com.mx\/index.php?rest_route=%2Fwp%2Fv2%2Fmedia&parent=69676"}],"wp:term":[{"taxonomy":"category","embeddable":true,"href":"https:\/\/encuentroinformativo.com.mx\/index.php?rest_route=%2Fwp%2Fv2%2Fcategories&post=69676"},{"taxonomy":"post_tag","embeddable":true,"href":"https:\/\/encuentroinformativo.com.mx\/index.php?rest_route=%2Fwp%2Fv2%2Ftags&post=69676"}],"curies":[{"name":"wp","href":"https:\/\/api.w.org\/{rel}","templated":true}]}}