{"id":69679,"date":"2025-07-30T14:06:39","date_gmt":"2025-07-30T20:06:39","guid":{"rendered":"https:\/\/encuentroinformativo.com.mx\/?p=69679"},"modified":"2025-07-30T14:06:39","modified_gmt":"2025-07-30T20:06:39","slug":"congreso-de-la-union-sin-iniciativa-para-desaparecer-usicamm","status":"publish","type":"post","link":"https:\/\/encuentroinformativo.com.mx\/?p=69679","title":{"rendered":"Congreso de la Uni\u00f3n sin iniciativa para desaparecer USICAMM"},"content":{"rendered":"<p><strong>Dar\u00edo Pale<\/strong><\/p>\n<p>Xalapa, Ver.- C\u00e1mara de Diputados federal, sin iniciativa para desaparecer la Unidad del Sistema para la Carrera de las Maestras y los Maestros (USICAMM), sobre la iniciativa para bajar edad de jubilaci\u00f3n de docentes est\u00e1 en an\u00e1lisis, as\u00ed lo dio a conocer el diputado del PT Gerardo Olivares Mej\u00eda.<\/p>\n<p>En entrevista coment\u00f3 que, la iniciativa para disminuir la edad de jubilaci\u00f3n de docentes, 52 para hombres y 50 para mujeres, se encuentra en la Comisi\u00f3n de Seguridad Social del Congreso de la Uni\u00f3n.<\/p>\n<p>Al respecto, expuso que est\u00e1 esperando el dictamen de la iniciativa, para conocer el sentido; desde el 29 de octubre del a\u00f1o pasado se envi\u00f3.<\/p>\n<p>Adem\u00e1s precis\u00f3 que &#8220;hay un decreto de la presidenta de la Rep\u00fablica donde se congel\u00f3 la edad de la reforma de 2007&#8221;.<\/p>\n<p>Acerca de la petici\u00f3n para desaparecer la Unidad del Sistema para la Carrera de las Maestras y los Maestros (USICAMM), indic\u00f3 que no hay una iniciativa del Ejecutivo federal en el Poder Legislativo para analizar el tema.<\/p>\n<p>&#8220;Todav\u00eda no tenemos eso dentro del paquete de reformas que env\u00edan&#8221;, pero precis\u00f3 que en los 100 puntos de la presidenta del pa\u00eds, se encuentra desaparecer el USICAMM, &#8220;est\u00e1 m\u00e1s que comprometido y hablado&#8221;.<\/p>\n<p>&nbsp;<\/p>\n","protected":false},"excerpt":{"rendered":"<p>Dar\u00edo Pale Xalapa, Ver.- C\u00e1mara de Diputados federal, sin iniciativa para desaparecer la Unidad del Sistema para la Carrera de las Maestras y los Maestros (USICAMM), sobre la iniciativa para bajar edad de jubilaci\u00f3n de docentes est\u00e1 en an\u00e1lisis, as\u00ed lo dio a conocer el diputado del PT Gerardo Olivares Mej\u00eda. En entrevista coment\u00f3 que, [&hellip;]<\/p>\n","protected":false},"author":2476,"featured_media":69680,"comment_status":"open","ping_status":"open","sticky":false,"template":"","format":"standard","meta":{"_jetpack_memberships_contains_paid_content":false,"footnotes":""},"categories":[12],"tags":[],"class_list":["post-69679","post","type-post","status-publish","format-standard","has-post-thumbnail","hentry","category-nacional"],"jetpack_featured_media_url":"https:\/\/encuentroinformativo.com.mx\/wp-content\/uploads\/2025\/07\/IMG-20250730-WA0158.jpg","jetpack_sharing_enabled":true,"jetpack_likes_enabled":true,"amp_enabled":true,"_links":{"self":[{"href":"https:\/\/encuentroinformativo.com.mx\/index.php?rest_route=\/wp\/v2\/posts\/69679","targetHints":{"allow":["GET"]}}],"collection":[{"href":"https:\/\/encuentroinformativo.com.mx\/index.php?rest_route=\/wp\/v2\/posts"}],"about":[{"href":"https:\/\/encuentroinformativo.com.mx\/index.php?rest_route=\/wp\/v2\/types\/post"}],"author":[{"embeddable":true,"href":"https:\/\/encuentroinformativo.com.mx\/index.php?rest_route=\/wp\/v2\/users\/2476"}],"replies":[{"embeddable":true,"href":"https:\/\/encuentroinformativo.com.mx\/index.php?rest_route=%2Fwp%2Fv2%2Fcomments&post=69679"}],"version-history":[{"count":1,"href":"https:\/\/encuentroinformativo.com.mx\/index.php?rest_route=\/wp\/v2\/posts\/69679\/revisions"}],"predecessor-version":[{"id":69681,"href":"https:\/\/encuentroinformativo.com.mx\/index.php?rest_route=\/wp\/v2\/posts\/69679\/revisions\/69681"}],"wp:featuredmedia":[{"embeddable":true,"href":"https:\/\/encuentroinformativo.com.mx\/index.php?rest_route=\/wp\/v2\/media\/69680"}],"wp:attachment":[{"href":"https:\/\/encuentroinformativo.com.mx\/index.php?rest_route=%2Fwp%2Fv2%2Fmedia&parent=69679"}],"wp:term":[{"taxonomy":"category","embeddable":true,"href":"https:\/\/encuentroinformativo.com.mx\/index.php?rest_route=%2Fwp%2Fv2%2Fcategories&post=69679"},{"taxonomy":"post_tag","embeddable":true,"href":"https:\/\/encuentroinformativo.com.mx\/index.php?rest_route=%2Fwp%2Fv2%2Ftags&post=69679"}],"curies":[{"name":"wp","href":"https:\/\/api.w.org\/{rel}","templated":true}]}}