{"id":69682,"date":"2025-07-30T15:49:28","date_gmt":"2025-07-30T21:49:28","guid":{"rendered":"https:\/\/encuentroinformativo.com.mx\/?p=69682"},"modified":"2025-07-30T15:49:28","modified_gmt":"2025-07-30T21:49:28","slug":"invitan-a-fiestas-patronales-de-teocelo","status":"publish","type":"post","link":"https:\/\/encuentroinformativo.com.mx\/?p=69682","title":{"rendered":"Invitan a fiestas patronales de Teocelo"},"content":{"rendered":"<p><strong>Dar\u00edo Pale<\/strong><\/p>\n<p>Xalapa, Ver.- Invitan a la ciudadan\u00eda para que asistan a las fiestas patronales de Teocelo, en honor a La Asunci\u00f3n de Nuestra Se\u00f1ora, donde se realizar\u00e1n diferentes eventos art\u00edsticos y culturales, se realizar\u00e1 del 8 al 16 de agosto.<\/p>\n<p>En conferencia de prensa informaron que el programa contiene diversos eventos art\u00edsticos como la presentaci\u00f3n del grupo Los Vela, la Banda que Manda, Alfredo El Pulpo y sus teclados, La Banda El Mexicano y otros grupos locales.<\/p>\n<p>Asimismo, habr\u00e1 actividades religiosas como el encendido de luces y la bajada de los arcos florales de los distintos barrios de Teocelo, as\u00ed como eventos culturales.<\/p>\n<p>Adem\u00e1s anunciaron la instalaci\u00f3n del Pabell\u00f3n Artesanal y Gastron\u00f3mico, en el cual artesanos de la regi\u00f3n podr\u00e1n promover sus productos.<\/p>\n","protected":false},"excerpt":{"rendered":"<p>Dar\u00edo Pale Xalapa, Ver.- Invitan a la ciudadan\u00eda para que asistan a las fiestas patronales de Teocelo, en honor a La Asunci\u00f3n de Nuestra Se\u00f1ora, donde se realizar\u00e1n diferentes eventos art\u00edsticos y culturales, se realizar\u00e1 del 8 al 16 de agosto. En conferencia de prensa informaron que el programa contiene diversos eventos art\u00edsticos como la [&hellip;]<\/p>\n","protected":false},"author":2476,"featured_media":69685,"comment_status":"open","ping_status":"open","sticky":false,"template":"","format":"standard","meta":{"_jetpack_memberships_contains_paid_content":false,"footnotes":""},"categories":[8],"tags":[],"class_list":["post-69682","post","type-post","status-publish","format-standard","has-post-thumbnail","hentry","category-region"],"jetpack_featured_media_url":"https:\/\/encuentroinformativo.com.mx\/wp-content\/uploads\/2025\/07\/IMG-20250730-WA02153.jpg","jetpack_sharing_enabled":true,"jetpack_likes_enabled":true,"amp_enabled":true,"_links":{"self":[{"href":"https:\/\/encuentroinformativo.com.mx\/index.php?rest_route=\/wp\/v2\/posts\/69682","targetHints":{"allow":["GET"]}}],"collection":[{"href":"https:\/\/encuentroinformativo.com.mx\/index.php?rest_route=\/wp\/v2\/posts"}],"about":[{"href":"https:\/\/encuentroinformativo.com.mx\/index.php?rest_route=\/wp\/v2\/types\/post"}],"author":[{"embeddable":true,"href":"https:\/\/encuentroinformativo.com.mx\/index.php?rest_route=\/wp\/v2\/users\/2476"}],"replies":[{"embeddable":true,"href":"https:\/\/encuentroinformativo.com.mx\/index.php?rest_route=%2Fwp%2Fv2%2Fcomments&post=69682"}],"version-history":[{"count":1,"href":"https:\/\/encuentroinformativo.com.mx\/index.php?rest_route=\/wp\/v2\/posts\/69682\/revisions"}],"predecessor-version":[{"id":69684,"href":"https:\/\/encuentroinformativo.com.mx\/index.php?rest_route=\/wp\/v2\/posts\/69682\/revisions\/69684"}],"wp:featuredmedia":[{"embeddable":true,"href":"https:\/\/encuentroinformativo.com.mx\/index.php?rest_route=\/wp\/v2\/media\/69685"}],"wp:attachment":[{"href":"https:\/\/encuentroinformativo.com.mx\/index.php?rest_route=%2Fwp%2Fv2%2Fmedia&parent=69682"}],"wp:term":[{"taxonomy":"category","embeddable":true,"href":"https:\/\/encuentroinformativo.com.mx\/index.php?rest_route=%2Fwp%2Fv2%2Fcategories&post=69682"},{"taxonomy":"post_tag","embeddable":true,"href":"https:\/\/encuentroinformativo.com.mx\/index.php?rest_route=%2Fwp%2Fv2%2Ftags&post=69682"}],"curies":[{"name":"wp","href":"https:\/\/api.w.org\/{rel}","templated":true}]}}