{"id":69686,"date":"2025-07-30T15:55:54","date_gmt":"2025-07-30T21:55:54","guid":{"rendered":"https:\/\/encuentroinformativo.com.mx\/?p=69686"},"modified":"2025-07-30T15:55:54","modified_gmt":"2025-07-30T21:55:54","slug":"veracruz-tendra-expo-para-los-coleccionistas-de-autos-a-escala","status":"publish","type":"post","link":"https:\/\/encuentroinformativo.com.mx\/?p=69686","title":{"rendered":"Veracruz tendr\u00e1 Expo para los coleccionistas de autos a escala"},"content":{"rendered":"<p><strong>Alejandro \u00c1vila<\/strong><\/p>\n<p>Veracruz, Ver.- El pr\u00f3ximo viernes 1 y s\u00e1bado 2 de agosto se realizar\u00e1 en el municipio de Veracruz una edici\u00f3n m\u00e1s de la Expo Premium de autos a escala y coleccionables en la Plaza Bravo ubicada en la calle Nicol\u00e1s Bravo entre Canal y Esteban Morales.<\/p>\n<p>Aldo Peralta, organizador del evento detall\u00f3 que en esta feria podr\u00e1n encontrar autom\u00f3viles coleccionables de Hot Wheels, Matchbox, Tarmac, Mini GT, entre otras.<\/p>\n<p>&#8220;Este tipo de coleccionismo est\u00e1 creciendo a nivel mundial. Nosotros llevamos haciendo esta Expo un poco m\u00e1s de un a\u00f1o, cada mes nos reunimos gente de Veracruz, Xalapa, Orizaba, C\u00f3rdoba, ha venido gente de Puebla y de M\u00e9xico a mostrar sus colecciones y a vender e intercambiar autos a escala&#8221;, expres\u00f3.<\/p>\n<p>Durante la Expo tambi\u00e9n se realizan talleres de custom, que se basa en modificar los autos a escala, cambiando las llantas, pintura, colocaci\u00f3n de calcoman\u00edas para hacerlos m\u00e1s similares a los autos reales; adem\u00e1s, se colocan pistas para que los visitantes puedan competir.<\/p>\n<p>&#8220;Es un evento muy familiar, muy entretenido que poco a poco ha ido creciendo&#8221;, expres\u00f3.<\/p>\n","protected":false},"excerpt":{"rendered":"<p>Alejandro \u00c1vila Veracruz, Ver.- El pr\u00f3ximo viernes 1 y s\u00e1bado 2 de agosto se realizar\u00e1 en el municipio de Veracruz una edici\u00f3n m\u00e1s de la Expo Premium de autos a escala y coleccionables en la Plaza Bravo ubicada en la calle Nicol\u00e1s Bravo entre Canal y Esteban Morales. Aldo Peralta, organizador del evento detall\u00f3 que [&hellip;]<\/p>\n","protected":false},"author":2476,"featured_media":69687,"comment_status":"open","ping_status":"open","sticky":false,"template":"","format":"standard","meta":{"_jetpack_memberships_contains_paid_content":false,"footnotes":""},"categories":[2],"tags":[],"class_list":["post-69686","post","type-post","status-publish","format-standard","has-post-thumbnail","hentry","category-estado"],"jetpack_featured_media_url":"https:\/\/encuentroinformativo.com.mx\/wp-content\/uploads\/2025\/07\/IMG-20250730-WA0210.jpg","jetpack_sharing_enabled":true,"jetpack_likes_enabled":true,"amp_enabled":true,"_links":{"self":[{"href":"https:\/\/encuentroinformativo.com.mx\/index.php?rest_route=\/wp\/v2\/posts\/69686","targetHints":{"allow":["GET"]}}],"collection":[{"href":"https:\/\/encuentroinformativo.com.mx\/index.php?rest_route=\/wp\/v2\/posts"}],"about":[{"href":"https:\/\/encuentroinformativo.com.mx\/index.php?rest_route=\/wp\/v2\/types\/post"}],"author":[{"embeddable":true,"href":"https:\/\/encuentroinformativo.com.mx\/index.php?rest_route=\/wp\/v2\/users\/2476"}],"replies":[{"embeddable":true,"href":"https:\/\/encuentroinformativo.com.mx\/index.php?rest_route=%2Fwp%2Fv2%2Fcomments&post=69686"}],"version-history":[{"count":1,"href":"https:\/\/encuentroinformativo.com.mx\/index.php?rest_route=\/wp\/v2\/posts\/69686\/revisions"}],"predecessor-version":[{"id":69688,"href":"https:\/\/encuentroinformativo.com.mx\/index.php?rest_route=\/wp\/v2\/posts\/69686\/revisions\/69688"}],"wp:featuredmedia":[{"embeddable":true,"href":"https:\/\/encuentroinformativo.com.mx\/index.php?rest_route=\/wp\/v2\/media\/69687"}],"wp:attachment":[{"href":"https:\/\/encuentroinformativo.com.mx\/index.php?rest_route=%2Fwp%2Fv2%2Fmedia&parent=69686"}],"wp:term":[{"taxonomy":"category","embeddable":true,"href":"https:\/\/encuentroinformativo.com.mx\/index.php?rest_route=%2Fwp%2Fv2%2Fcategories&post=69686"},{"taxonomy":"post_tag","embeddable":true,"href":"https:\/\/encuentroinformativo.com.mx\/index.php?rest_route=%2Fwp%2Fv2%2Ftags&post=69686"}],"curies":[{"name":"wp","href":"https:\/\/api.w.org\/{rel}","templated":true}]}}