{"id":6969,"date":"2020-10-16T10:59:02","date_gmt":"2020-10-16T15:59:02","guid":{"rendered":"https:\/\/encuentroinformativo.com.mx\/?p=6969"},"modified":"2020-10-16T10:59:06","modified_gmt":"2020-10-16T15:59:06","slug":"atorada-y-en-el-limbo-la-titulacion-de-periodistas","status":"publish","type":"post","link":"https:\/\/encuentroinformativo.com.mx\/?p=6969","title":{"rendered":"ATORADA Y EN EL LIMBO LA TITULACI\u00d3N DE PERIODISTAS"},"content":{"rendered":"\n<ul class=\"wp-block-list\"><li>La Sugar Buchona.<\/li><li>Convocan a cabildos para pago de deuda.<\/li><li>Gober y Solecito respaldan a Namiko.<\/li><\/ul>\n\n\n\n<p>Oigan, anda como que muy callado y apagado el dos\u2026 \u00bfPos qu\u00e9 se trae?<br>&#8211;Chopenjawer<\/p>\n\n\n\n<p>Se sabe que en 2018 fue la \u00faltima vez que el Centro Nacional para la Evaluaci\u00f3n de la Educaci\u00f3n Superior (Ceneval) realiz\u00f3 ex\u00e1menes de acreditaci\u00f3n por experiencia laboral. Desde ah\u00ed, nada.<\/p>\n\n\n\n<p>La situaci\u00f3n es esta: muchos periodistas veracruzanos buscan constantemente actualizarse y tambi\u00e9n han querido obtener su t\u00edtulo universitario; tienen el trabajo y los a\u00f1os de experiencia para mostrarlo.<\/p>\n\n\n\n<p>Por lo anterior, en 2019, se llev\u00f3 a cabo un diplomado de 7 meses, impartido por la Universidad Veracruzana en coordinaci\u00f3n con la Comisi\u00f3n Estatal para La Atenci\u00f3n y Protecci\u00f3n de Los Periodistas (CEAPP); ah\u00ed se inscribieron 237 periodistas, de los cuales s\u00f3lo 156 terminaron el curso completo, que era los s\u00e1bados.<\/p>\n\n\n\n<p>En ese grupo se detect\u00f3 que 41 no contaban con t\u00edtulo universitario, y se supone que de estos s\u00f3lo 13 lograron hacer bien su portafolio de evidencias: un documento con el cual pueden sustentar que han trabajado durante a\u00f1os en medios de comunicaci\u00f3n y son elegibles para el t\u00edtulo universitario de licenciado en Periodismo.<\/p>\n\n\n\n<p>En este punto existe un descontento entre algunos compa\u00f1eros porque se desconoce la manera en que se aplic\u00f3 el criterio de elegibilidad, pues se\u00f1alan que algunos compa\u00f1eros no estuvieron todo el curso o ni siquiera son periodistas de campo.<\/p>\n\n\n\n<p>Pero es la hora que CENEVAL nom\u00e1s no lanza convocatoria alguna para el examen profesional y ya transcurri\u00f3 casi un a\u00f1o.<\/p>\n\n\n\n<p>De acuerdo a un documento enviado al superdelegado del gobierno federal en Veracruz, Manuel Huerta, por parte de la CEAPP y signado por Ana Laura P\u00e9rez Mendoza, presidenta de la misma, con fecha de 1 de septiembre de este a\u00f1o, se detalla que CENEVAL ha argumentado que debido a cambios internos, no se pod\u00eda avanzar en el tema del examen y que incluso &#8220;el instrumento de evaluaci\u00f3n no estaba en condiciones de ser aplicado&#8221;.<\/p>\n\n\n\n<p>A Huerta le piden su intervenci\u00f3n para que la Secretar\u00eda de Educaci\u00f3n P\u00fablica gestione ante CENEVAL la aplicaci\u00f3n del examen a esos 13 periodistas, pero no se sabe si hubo una respuesta positiva a la petici\u00f3n.<\/p>\n\n\n\n<p>Lo que s\u00ed sabe es que el 24 de agosto, el director de Acreditaci\u00f3n y Certificaci\u00f3n del Conocimiento de CENEVAL, \u00c1ngel Andrade Rodr\u00edguez, explic\u00f3 que debido a la contingencia todav\u00eda no se ha establecido un Consejo T\u00e9cnico para dicho examen porque est\u00e1n espera de que las instituciones de Educaci\u00f3n Superior que imparten la carrera de Periodismo retomen sus actividades.<\/p>\n\n\n\n<p>Donde parece que se lavaron las manos y tampoco intervino fue en la Universidad Veracruzana, pues bien podr\u00edan haber intervenido tambi\u00e9n como autoridad acad\u00e9mica. Seguramente tambi\u00e9n es por la pandemia.<\/p>\n\n\n\n<p>El asunto es que ya se tiene un presupuesto designado para el pago de esos ex\u00e1menes profesionales (seg\u00fan datos, el \u00faltimo cost\u00f3 cerca de 9 mil pesos y se tiene que hacer en la Ciudad de M\u00e9xico de manera presencial, junto con otras personas de varias partes del pa\u00eds), pero Ceneval no puede aceptar prepago, porque no est\u00e1 dentro de sus pol\u00edticas, lo que ya preocupa a los interesados porque la CEAPP renueva en diciembre a sus comisionados y adem\u00e1s se habla de que puede ser extinguida.<\/p>\n\n\n\n<p>Mientras, las periodistas y &#8220;periodistos&#8221; y &#8220;periedistes&#8221; que tienen la oportunidad de titularse est\u00e1n en el limbo, atorados, sin resolverse el sue\u00f1o de alcanzar su licenciatura.<\/p>\n\n\n\n<p><strong>NOTA PARA PEGAR EN EL REFRI: <\/strong>Que en el TikTok ya le dieron una repasada a la regidora que ya apodaron como #SugarBuchona. El argumento es simple y contundente: mientras a Minatitl\u00e1n se la est\u00e1 llevando la gaver por la violencia, la joven pol\u00edtica anda haciendo apolog\u00eda del narcotr\u00e1fico y el estilo de vida de la narcocultura. De paso, hasta le remarcan que es priista. Chiaaaaleeee\u2026<\/p>\n\n\n\n<p><strong>OTRA NOTA: <\/strong>El gober Cuitl\u00e1huac Garc\u00eda Jim\u00e9nez convoc\u00f3 a los cabildos del estado a cerrar filas para aprobar el plan de reestructuraci\u00f3n de la deuda burs\u00e1til, impagable, que 199 municipios contrajeron en 2008 y que actualmente asciende a poco m\u00e1s de mil 400 millones de pesos. A la fecha, inform\u00f3 anoche el mandatario estatal en video, 100 ayuntamientos han autorizado el nuevo esquema; sin embargo, es preciso que todos den visto bueno y as\u00ed transitar a la siguiente fase, la cual consiste en presentar la iniciativa al Congreso y negociar con el sector bancario el refinanciamiento\u2026 El anuncio, por cierto, lo hizo con el titular de la Secretar\u00eda de Finanzas y Planeaci\u00f3n (SEFIPLAN), Jos\u00e9 Luis Lima Franco, dando a conocer a los alcaldes y alcaldesas de todas las regiones que, a partir de ello, en cada mensualidad ser\u00e1 liberado por lo menos un 30 por ciento del recurso que les descuentan, mismo que podr\u00e1n redirigir a otras \u00e1reas que lo requieran\u2026 Finalmente, Garc\u00eda Jim\u00e9nez dijo que conf\u00eda que pronto termine &#8220;este legado tan nefasto&#8221; de anteriores administraciones.<\/p>\n\n\n\n<p><strong>LA \u00daLTIMA PORQUE VOY A STALKEAR A MI CRUSH: <\/strong>La tarde de este jueves, el gober Cuitl\u00e1huac se reuni\u00f3 con la titular de la Comisi\u00f3n Estatal de Derechos Humanos, Namiko Matzumoto, a quien le reconoci\u00f3 su labor por atenci\u00f3n a familiares de desaparecidos. A este respaldo se sum\u00f3 el colectivo Solecito: &#8220;La Dra Namiko es un pilar de solidaridad y empat\u00eda para con las familias que estamos en la lucha ardua y desgarradora por encontrar a nuestros desaparecidos. Nuestro reconocimiento para ella y la instituci\u00f3n que encabeza\u2026&#8221; \u00bfSer\u00e1 que siempre s\u00ed ser\u00e1 reelegida?<\/p>\n\n\n\n<p><strong>@pablojair<\/strong><\/p>\n","protected":false},"excerpt":{"rendered":"<p>La Sugar Buchona. Convocan a cabildos para pago de deuda. Gober y Solecito respaldan a Namiko. Oigan, anda como que muy callado y apagado el dos\u2026 \u00bfPos qu\u00e9 se trae?&#8211;Chopenjawer Se sabe que en 2018 fue la \u00faltima vez que el Centro Nacional para la Evaluaci\u00f3n de la Educaci\u00f3n Superior (Ceneval) realiz\u00f3 ex\u00e1menes de acreditaci\u00f3n [&hellip;]<\/p>\n","protected":false},"author":1,"featured_media":488,"comment_status":"open","ping_status":"open","sticky":false,"template":"","format":"standard","meta":{"_jetpack_memberships_contains_paid_content":false,"footnotes":""},"categories":[11],"tags":[],"class_list":["post-6969","post","type-post","status-publish","format-standard","has-post-thumbnail","hentry","category-opinion"],"jetpack_featured_media_url":"https:\/\/encuentroinformativo.com.mx\/wp-content\/uploads\/2020\/03\/F471F608-BA1A-416B-BA7B-BCFB24F4E6D0.jpeg","jetpack_sharing_enabled":true,"jetpack_likes_enabled":true,"amp_enabled":true,"_links":{"self":[{"href":"https:\/\/encuentroinformativo.com.mx\/index.php?rest_route=\/wp\/v2\/posts\/6969","targetHints":{"allow":["GET"]}}],"collection":[{"href":"https:\/\/encuentroinformativo.com.mx\/index.php?rest_route=\/wp\/v2\/posts"}],"about":[{"href":"https:\/\/encuentroinformativo.com.mx\/index.php?rest_route=\/wp\/v2\/types\/post"}],"author":[{"embeddable":true,"href":"https:\/\/encuentroinformativo.com.mx\/index.php?rest_route=\/wp\/v2\/users\/1"}],"replies":[{"embeddable":true,"href":"https:\/\/encuentroinformativo.com.mx\/index.php?rest_route=%2Fwp%2Fv2%2Fcomments&post=6969"}],"version-history":[{"count":1,"href":"https:\/\/encuentroinformativo.com.mx\/index.php?rest_route=\/wp\/v2\/posts\/6969\/revisions"}],"predecessor-version":[{"id":6970,"href":"https:\/\/encuentroinformativo.com.mx\/index.php?rest_route=\/wp\/v2\/posts\/6969\/revisions\/6970"}],"wp:featuredmedia":[{"embeddable":true,"href":"https:\/\/encuentroinformativo.com.mx\/index.php?rest_route=\/wp\/v2\/media\/488"}],"wp:attachment":[{"href":"https:\/\/encuentroinformativo.com.mx\/index.php?rest_route=%2Fwp%2Fv2%2Fmedia&parent=6969"}],"wp:term":[{"taxonomy":"category","embeddable":true,"href":"https:\/\/encuentroinformativo.com.mx\/index.php?rest_route=%2Fwp%2Fv2%2Fcategories&post=6969"},{"taxonomy":"post_tag","embeddable":true,"href":"https:\/\/encuentroinformativo.com.mx\/index.php?rest_route=%2Fwp%2Fv2%2Ftags&post=6969"}],"curies":[{"name":"wp","href":"https:\/\/api.w.org\/{rel}","templated":true}]}}