{"id":69694,"date":"2025-07-31T14:28:34","date_gmt":"2025-07-31T20:28:34","guid":{"rendered":"https:\/\/encuentroinformativo.com.mx\/?p=69694"},"modified":"2025-07-31T14:28:34","modified_gmt":"2025-07-31T20:28:34","slug":"anuncian-festival-internacional-de-tunas-femeniles-en-xalapa","status":"publish","type":"post","link":"https:\/\/encuentroinformativo.com.mx\/?p=69694","title":{"rendered":"Anuncian Festival Internacional de Tunas Femeniles en Xalapa"},"content":{"rendered":"<p><strong>Dar\u00edo Pale<\/strong><\/p>\n<p>Xalapa, Ver.- M\u00f3nica Toral, integrante de la tuna femenil de la Universidad Veracruzana, dio a conocer que del 7 al 9 de agosto se realizar\u00e1 el d\u00e9cimo segundo Festival Internacional de Tunas Femeniles en Xalapa.<\/p>\n<p>En conferencia de prensa se\u00f1al\u00f3 que, pretenden reunir a 19 grupos de M\u00e9xico y otros pa\u00edses, ya que se esperan entre 300 y 400 personas.<\/p>\n<p>Las tunas provienen de pa\u00edses como, Puerto Rico, Colombia, Chile as\u00ed como de otros estados del pa\u00eds.<\/p>\n<p>Como parte de las actividades realizar\u00e1n el primer d\u00eda una activaci\u00f3n en el parque Ju\u00e1rez, ese d\u00eda a las 7 de la tarde en los bajos del Palacio Municipal se llevar\u00e1 a cabo la inauguraci\u00f3n del festival.<\/p>\n<p>El viernes habr\u00e1 callejoneada que saldr\u00e1 de San Roque rumbo al Teatro del Estado.<\/p>\n<p>Dio a conocer que los boletos para el Teatro ya est\u00e1n disponibles en el sitio as\u00ed como a trav\u00e9s de redes sociales.<\/p>\n<p>Mientras que el d\u00eda s\u00e1bado habr\u00e1 una actividad con las tunas en la Catedral Metropolitana.<\/p>\n<p>Finalmente dio a conocer que se llevar\u00e1 a cabo una noche de tuna en Xalapa, por lo que llamaron a los xalape\u00f1os a participar.<\/p>\n","protected":false},"excerpt":{"rendered":"<p>Dar\u00edo Pale Xalapa, Ver.- M\u00f3nica Toral, integrante de la tuna femenil de la Universidad Veracruzana, dio a conocer que del 7 al 9 de agosto se realizar\u00e1 el d\u00e9cimo segundo Festival Internacional de Tunas Femeniles en Xalapa. En conferencia de prensa se\u00f1al\u00f3 que, pretenden reunir a 19 grupos de M\u00e9xico y otros pa\u00edses, ya que [&hellip;]<\/p>\n","protected":false},"author":2476,"featured_media":69695,"comment_status":"open","ping_status":"open","sticky":false,"template":"","format":"standard","meta":{"_jetpack_memberships_contains_paid_content":false,"footnotes":""},"categories":[3],"tags":[],"class_list":["post-69694","post","type-post","status-publish","format-standard","has-post-thumbnail","hentry","category-xalapa"],"jetpack_featured_media_url":"https:\/\/encuentroinformativo.com.mx\/wp-content\/uploads\/2025\/07\/IMG-20250731-WA00762.jpg","jetpack_sharing_enabled":true,"jetpack_likes_enabled":true,"amp_enabled":true,"_links":{"self":[{"href":"https:\/\/encuentroinformativo.com.mx\/index.php?rest_route=\/wp\/v2\/posts\/69694","targetHints":{"allow":["GET"]}}],"collection":[{"href":"https:\/\/encuentroinformativo.com.mx\/index.php?rest_route=\/wp\/v2\/posts"}],"about":[{"href":"https:\/\/encuentroinformativo.com.mx\/index.php?rest_route=\/wp\/v2\/types\/post"}],"author":[{"embeddable":true,"href":"https:\/\/encuentroinformativo.com.mx\/index.php?rest_route=\/wp\/v2\/users\/2476"}],"replies":[{"embeddable":true,"href":"https:\/\/encuentroinformativo.com.mx\/index.php?rest_route=%2Fwp%2Fv2%2Fcomments&post=69694"}],"version-history":[{"count":1,"href":"https:\/\/encuentroinformativo.com.mx\/index.php?rest_route=\/wp\/v2\/posts\/69694\/revisions"}],"predecessor-version":[{"id":69696,"href":"https:\/\/encuentroinformativo.com.mx\/index.php?rest_route=\/wp\/v2\/posts\/69694\/revisions\/69696"}],"wp:featuredmedia":[{"embeddable":true,"href":"https:\/\/encuentroinformativo.com.mx\/index.php?rest_route=\/wp\/v2\/media\/69695"}],"wp:attachment":[{"href":"https:\/\/encuentroinformativo.com.mx\/index.php?rest_route=%2Fwp%2Fv2%2Fmedia&parent=69694"}],"wp:term":[{"taxonomy":"category","embeddable":true,"href":"https:\/\/encuentroinformativo.com.mx\/index.php?rest_route=%2Fwp%2Fv2%2Fcategories&post=69694"},{"taxonomy":"post_tag","embeddable":true,"href":"https:\/\/encuentroinformativo.com.mx\/index.php?rest_route=%2Fwp%2Fv2%2Ftags&post=69694"}],"curies":[{"name":"wp","href":"https:\/\/api.w.org\/{rel}","templated":true}]}}