{"id":69700,"date":"2025-07-31T14:44:50","date_gmt":"2025-07-31T20:44:50","guid":{"rendered":"https:\/\/encuentroinformativo.com.mx\/?p=69700"},"modified":"2025-07-31T14:44:50","modified_gmt":"2025-07-31T20:44:50","slug":"promueve-dif-local-capacitacion-para-cuidados-paliativos","status":"publish","type":"post","link":"https:\/\/encuentroinformativo.com.mx\/?p=69700","title":{"rendered":"Promueve DIF local capacitaci\u00f3n para cuidados paliativos"},"content":{"rendered":"<p><strong>Dar\u00edo Pale<\/strong><\/p>\n<p>Xalapa, Ver.- El director del DIF municipal de Xalapa, Alejandro del \u00c1ngel Aguilar, dio a conocer que, en el marco del Segundo Seminario de Capacitaci\u00f3n para Cuidados Paliativos, participaron expertos de cinco pa\u00edses, m\u00e1s de 170 profesionales de la salud se actualizaron en los m\u00e9todos de atenci\u00f3n a pacientes pedi\u00e1tricos con enfermedades terminales.<\/p>\n<p>El Programa de Cuidados Paliativos del DIF Xalapa, es parte de una estrategia institucional humanista de atenci\u00f3n integral y compasiva para pacientes con enfermedades cr\u00f3nicas o terminales, inform\u00f3 el director del organismo asistencial,.<\/p>\n<p>\u201cSe imparti\u00f3 un seminario de 26 horas a lo largo de 12 semanas, con \u00e9nfasis en cuidados paliativos pedi\u00e1tricos. Como resultado, cerca de 170 personas, entre m\u00e9dicos, enfermeras, psic\u00f3logos, trabajadores sociales y pediatras, han sido capacitadas para brindar este tipo de atenci\u00f3n en hospitales e instituciones p\u00fablicas como el Centro Estatal de Cancerolog\u00eda (CECAN), el Centro de Alta Especialidad (CAE), el IMSS y la Secretar\u00eda de Salud\u201d, se\u00f1al\u00f3.<\/p>\n<p>En entrevista, explic\u00f3 que, \u201ccon esta formaci\u00f3n, buscamos que Xalapa cuente con una base s\u00f3lida de profesionales inspirados y preparados para conformar equipos especializados tanto en atenci\u00f3n de adultos como de ni\u00f1as y ni\u00f1os. Tenemos la firme esperanza de que estos conocimientos se repliquen en m\u00e1s instituciones del pa\u00eds\u201d.<\/p>\n<p>Del \u00c1ngel Aguilar destac\u00f3 que actualmente Xalapa ya cuenta con un porcentaje significativo de personal capacitado que mejora las condiciones de vida de pacientes en etapa terminal, incluso, el modelo de atenci\u00f3n ambulatoria se ha comenzado a replicar en otros estados como Aguascalientes y, en los sistemas DIF municipales de Nayarit est\u00e1n implementando programas similares de capacitaci\u00f3n.<\/p>\n<p>En ese sentido, destac\u00f3 que en la capital del estado, se han impulsado exitosas herramientas t\u00e9cnicas para ofrecer cuidados paliativos en modalidad domiciliaria, en tanto que, con la intervenci\u00f3n de una doctora especializada en medicina paliativa en el equipo del DIF Municipal, se logr\u00f3 atender en sus hogares a 36 pacientes en etapa final de vida, lo que representa un avance en la atenci\u00f3n compasiva desde el \u00e1mbito comunitario.<\/p>\n<p>\u201cCon estas acciones, el DIF Xalapa se consolida a nivel nacional como una instituci\u00f3n de asistencia social integral, capaz de coordinarse con los servicios de salud para proporcionar atenci\u00f3n paliativa desde el hogar, mitigar el dolor y acompa\u00f1ar de forma digna a las personas y sus familias en uno de los momentos m\u00e1s dif\u00edciles\u201d, enfatiz\u00f3.<\/p>\n<p>Finalmente, record\u00f3 que los cuidados paliativos no solo implican atenci\u00f3n m\u00e9dica, sino tambi\u00e9n acompa\u00f1amiento emocional, asesor\u00eda legal y orientaci\u00f3n a las familias, con el objetivo de generar una atenci\u00f3n verdaderamente compasiva\u201d.<\/p>\n<p>&nbsp;<\/p>\n","protected":false},"excerpt":{"rendered":"<p>Dar\u00edo Pale Xalapa, Ver.- El director del DIF municipal de Xalapa, Alejandro del \u00c1ngel Aguilar, dio a conocer que, en el marco del Segundo Seminario de Capacitaci\u00f3n para Cuidados Paliativos, participaron expertos de cinco pa\u00edses, m\u00e1s de 170 profesionales de la salud se actualizaron en los m\u00e9todos de atenci\u00f3n a pacientes pedi\u00e1tricos con enfermedades terminales. [&hellip;]<\/p>\n","protected":false},"author":2476,"featured_media":69701,"comment_status":"open","ping_status":"open","sticky":false,"template":"","format":"standard","meta":{"_jetpack_memberships_contains_paid_content":false,"footnotes":""},"categories":[3],"tags":[],"class_list":["post-69700","post","type-post","status-publish","format-standard","has-post-thumbnail","hentry","category-xalapa"],"jetpack_featured_media_url":"https:\/\/encuentroinformativo.com.mx\/wp-content\/uploads\/2025\/07\/IMG-20250731-WA0126.jpg","jetpack_sharing_enabled":true,"jetpack_likes_enabled":true,"amp_enabled":true,"_links":{"self":[{"href":"https:\/\/encuentroinformativo.com.mx\/index.php?rest_route=\/wp\/v2\/posts\/69700","targetHints":{"allow":["GET"]}}],"collection":[{"href":"https:\/\/encuentroinformativo.com.mx\/index.php?rest_route=\/wp\/v2\/posts"}],"about":[{"href":"https:\/\/encuentroinformativo.com.mx\/index.php?rest_route=\/wp\/v2\/types\/post"}],"author":[{"embeddable":true,"href":"https:\/\/encuentroinformativo.com.mx\/index.php?rest_route=\/wp\/v2\/users\/2476"}],"replies":[{"embeddable":true,"href":"https:\/\/encuentroinformativo.com.mx\/index.php?rest_route=%2Fwp%2Fv2%2Fcomments&post=69700"}],"version-history":[{"count":1,"href":"https:\/\/encuentroinformativo.com.mx\/index.php?rest_route=\/wp\/v2\/posts\/69700\/revisions"}],"predecessor-version":[{"id":69702,"href":"https:\/\/encuentroinformativo.com.mx\/index.php?rest_route=\/wp\/v2\/posts\/69700\/revisions\/69702"}],"wp:featuredmedia":[{"embeddable":true,"href":"https:\/\/encuentroinformativo.com.mx\/index.php?rest_route=\/wp\/v2\/media\/69701"}],"wp:attachment":[{"href":"https:\/\/encuentroinformativo.com.mx\/index.php?rest_route=%2Fwp%2Fv2%2Fmedia&parent=69700"}],"wp:term":[{"taxonomy":"category","embeddable":true,"href":"https:\/\/encuentroinformativo.com.mx\/index.php?rest_route=%2Fwp%2Fv2%2Fcategories&post=69700"},{"taxonomy":"post_tag","embeddable":true,"href":"https:\/\/encuentroinformativo.com.mx\/index.php?rest_route=%2Fwp%2Fv2%2Ftags&post=69700"}],"curies":[{"name":"wp","href":"https:\/\/api.w.org\/{rel}","templated":true}]}}