{"id":69703,"date":"2025-07-31T15:18:41","date_gmt":"2025-07-31T21:18:41","guid":{"rendered":"https:\/\/encuentroinformativo.com.mx\/?p=69703"},"modified":"2025-07-31T15:18:41","modified_gmt":"2025-07-31T21:18:41","slug":"por-fiestas-celebraran-cabalgata-en-acajete","status":"publish","type":"post","link":"https:\/\/encuentroinformativo.com.mx\/?p=69703","title":{"rendered":"Por fiestas, celebrar\u00e1n cabalgata en Acajete"},"content":{"rendered":"<p><strong>Dar\u00edo Pale<\/strong><\/p>\n<p>Xalapa, Ver.- Invitan a la ciudadan\u00eda en general para que asista a la cabalgata el pr\u00f3ximo domingo 3 de agosto con motivo de las fiestas patronales en el municipio de Acajete, se trata de la edici\u00f3n n\u00famero 13, posicion\u00e1ndose como una de las m\u00e1s importantes de la regi\u00f3n.<\/p>\n<p>Eduardo Hern\u00e1ndez Rojas, miembro del Comit\u00e9 de la Cabalgata Acajete 2025, coment\u00f3 que, \u201cen el marco de esta celebraci\u00f3n de las fiestas patronales, vamos a llevar a cabo la cabalgata de Acajete 2025, en esta ocasi\u00f3n es la treceava cabalgata ya, posicion\u00e1ndonos como una de las m\u00e1s importantes de la regi\u00f3n, el a\u00f1o pasado tuvimos m\u00e1s de 600 cabalgantes y en esta ocasi\u00f3n, junto con la convocatoria y la difusi\u00f3n que ustedes nos est\u00e1n ayudando a hacer,<br \/>\npues queremos llegar a los 800 cabalgantes\u201d.<\/p>\n<p>Es una cabalgata que ya se ha ido organizando por m\u00e1s de 10 a\u00f1os, se comenz\u00f3 con 50 cabalgantes, se ha ido incrementando, en el caso del a\u00f1o pasado tuvieron 600 y bueno, quieren implementarlo m\u00e1s, la idea es que sea un recorrido vistoso, que conozcan lo que es su pueblo y las regiones.<\/p>\n<p>El recorrido ser\u00e1 de cuatro horas e incluir\u00e1 Acajete, San Miguel, Tlacolulan, La Joya y de regreso, las inscripciones ser\u00e1n el mismo domingo a las 9 de la ma\u00f1ana y a las 11 comenzar\u00e1 el recorrido las fiestas patronales se desarrollar\u00e1n del 2 y hasta el 8 de agosto.<\/p>\n<p>\u201cLa fecha en la cual se pretende llevar a cabo es el pr\u00f3ximo domingo 3 de agosto, las inspecciones ser\u00e1n a partir de las 9 de la ma\u00f1ana, con un cierre aproximado de 10 y media para poder partir a la cabalgata a las 11 de la ma\u00f1ana, vamos a tener distintas actividades para no tener un tiempo muerto y que los cabalgantes no solamente lleguen al lugar, sino que tambi\u00e9n se puedan involucrar\u201d, coment\u00f3.<\/p>\n<p>Finalmente coment\u00f3 que, se pretende que sean alrededor de 800 a 1200 jinetes y un aproximado del recorrido son 4 horas, son aproximadamente 10 kil\u00f3metros, \u201cla verdad nosotros estamos haciendo una convocatoria abierta, siempre nos llega gente de los municipios de alrededor\u201d.<\/p>\n<p>&nbsp;<\/p>\n<p>&nbsp;<\/p>\n","protected":false},"excerpt":{"rendered":"<p>Dar\u00edo Pale Xalapa, Ver.- Invitan a la ciudadan\u00eda en general para que asista a la cabalgata el pr\u00f3ximo domingo 3 de agosto con motivo de las fiestas patronales en el municipio de Acajete, se trata de la edici\u00f3n n\u00famero 13, posicion\u00e1ndose como una de las m\u00e1s importantes de la regi\u00f3n. Eduardo Hern\u00e1ndez Rojas, miembro del [&hellip;]<\/p>\n","protected":false},"author":2476,"featured_media":69704,"comment_status":"open","ping_status":"open","sticky":false,"template":"","format":"standard","meta":{"_jetpack_memberships_contains_paid_content":false,"footnotes":""},"categories":[8],"tags":[],"class_list":["post-69703","post","type-post","status-publish","format-standard","has-post-thumbnail","hentry","category-region"],"jetpack_featured_media_url":"https:\/\/encuentroinformativo.com.mx\/wp-content\/uploads\/2025\/07\/IMG-20250731-WA0166.jpg","jetpack_sharing_enabled":true,"jetpack_likes_enabled":true,"amp_enabled":true,"_links":{"self":[{"href":"https:\/\/encuentroinformativo.com.mx\/index.php?rest_route=\/wp\/v2\/posts\/69703","targetHints":{"allow":["GET"]}}],"collection":[{"href":"https:\/\/encuentroinformativo.com.mx\/index.php?rest_route=\/wp\/v2\/posts"}],"about":[{"href":"https:\/\/encuentroinformativo.com.mx\/index.php?rest_route=\/wp\/v2\/types\/post"}],"author":[{"embeddable":true,"href":"https:\/\/encuentroinformativo.com.mx\/index.php?rest_route=\/wp\/v2\/users\/2476"}],"replies":[{"embeddable":true,"href":"https:\/\/encuentroinformativo.com.mx\/index.php?rest_route=%2Fwp%2Fv2%2Fcomments&post=69703"}],"version-history":[{"count":1,"href":"https:\/\/encuentroinformativo.com.mx\/index.php?rest_route=\/wp\/v2\/posts\/69703\/revisions"}],"predecessor-version":[{"id":69705,"href":"https:\/\/encuentroinformativo.com.mx\/index.php?rest_route=\/wp\/v2\/posts\/69703\/revisions\/69705"}],"wp:featuredmedia":[{"embeddable":true,"href":"https:\/\/encuentroinformativo.com.mx\/index.php?rest_route=\/wp\/v2\/media\/69704"}],"wp:attachment":[{"href":"https:\/\/encuentroinformativo.com.mx\/index.php?rest_route=%2Fwp%2Fv2%2Fmedia&parent=69703"}],"wp:term":[{"taxonomy":"category","embeddable":true,"href":"https:\/\/encuentroinformativo.com.mx\/index.php?rest_route=%2Fwp%2Fv2%2Fcategories&post=69703"},{"taxonomy":"post_tag","embeddable":true,"href":"https:\/\/encuentroinformativo.com.mx\/index.php?rest_route=%2Fwp%2Fv2%2Ftags&post=69703"}],"curies":[{"name":"wp","href":"https:\/\/api.w.org\/{rel}","templated":true}]}}