{"id":69731,"date":"2025-07-02T13:12:21","date_gmt":"2025-07-02T19:12:21","guid":{"rendered":"https:\/\/encuentroinformativo.com.mx\/?p=69731"},"modified":"2025-08-02T13:14:47","modified_gmt":"2025-08-02T19:14:47","slug":"por-temblor-desalojan-oficinas-y-comercios-del-centro-de-xalapa","status":"publish","type":"post","link":"https:\/\/encuentroinformativo.com.mx\/?p=69731","title":{"rendered":"Por temblor, desalojan oficinas y comercios del centro de Xalapa"},"content":{"rendered":"<p><strong>Dar\u00edo Pale<\/strong><\/p>\n<p>Xalapa, Ver.- Debido al temblor que se registr\u00f3 este d\u00eda varias oficinas y centros comerciales que se encuentran en el centro de la capital fueron desalojados de manera preventiva, para evitar algun percance.<\/p>\n<p>Seg\u00fan el Sistema Sismol\u00f3gico Nacional fue de una magnitud de 5.9 localizado a 13 kil\u00f3metros al este de Tlacolula Oaxaca, a las 11:58:46 con una profundidad de 10 kil\u00f3metros y fue perceptible en varios estados incluso en la ciudad de M\u00e9xico.<\/p>\n<p>En el centro de la capital del estado fueron desalojados varios edificios al igual que centros comerciales ya que se activaron algunas alarmas, fueron desalojados personal de la Torre de la Secretar\u00eda de Seguridad P\u00fablica, palacio municipal, tiendas de conveniencia que se encuentran sobre las calles del centro para evitar alg\u00fan incidente y fue cerrada la circulaci\u00f3n por unos minutos.<\/p>\n<p>Por su parte la direcci\u00f3n de protecci\u00f3n civil municipal activ\u00f3 los protocolos de seguridad para resguardar a las personas que se encontraban afuera de los edificios.<\/p>\n<p>Por otra parte la Secretar\u00eda de Protecci\u00f3n Civil Estatal dio a conocer que el sismo que fue perceptible en la zona centro y sur del estado no hubo afectaciones, pero contin\u00faan con el monitoreo con los sistemas de protecci\u00f3n civil de los municipios y que afortunadamente no hubo personas lesionadas.<\/p>\n<p><img loading=\"lazy\" decoding=\"async\" class=\"aligncenter size-medium wp-image-69733\" src=\"https:\/\/encuentroinformativo.com.mx\/wp-content\/uploads\/2025\/08\/IMG-20250802-WA0050-300x169.jpg\" alt=\"\" width=\"300\" height=\"169\" srcset=\"https:\/\/encuentroinformativo.com.mx\/wp-content\/uploads\/2025\/08\/IMG-20250802-WA0050-300x169.jpg 300w, https:\/\/encuentroinformativo.com.mx\/wp-content\/uploads\/2025\/08\/IMG-20250802-WA0050-1024x576.jpg 1024w, https:\/\/encuentroinformativo.com.mx\/wp-content\/uploads\/2025\/08\/IMG-20250802-WA0050-768x432.jpg 768w, https:\/\/encuentroinformativo.com.mx\/wp-content\/uploads\/2025\/08\/IMG-20250802-WA0050.jpg 1280w\" sizes=\"auto, (max-width: 300px) 100vw, 300px\" \/><\/p>\n","protected":false},"excerpt":{"rendered":"<p>Dar\u00edo Pale Xalapa, Ver.- Debido al temblor que se registr\u00f3 este d\u00eda varias oficinas y centros comerciales que se encuentran en el centro de la capital fueron desalojados de manera preventiva, para evitar algun percance. Seg\u00fan el Sistema Sismol\u00f3gico Nacional fue de una magnitud de 5.9 localizado a 13 kil\u00f3metros al este de Tlacolula Oaxaca, [&hellip;]<\/p>\n","protected":false},"author":2476,"featured_media":69732,"comment_status":"open","ping_status":"open","sticky":false,"template":"","format":"standard","meta":{"_jetpack_memberships_contains_paid_content":false,"footnotes":""},"categories":[3],"tags":[],"class_list":["post-69731","post","type-post","status-publish","format-standard","has-post-thumbnail","hentry","category-xalapa"],"jetpack_featured_media_url":"https:\/\/encuentroinformativo.com.mx\/wp-content\/uploads\/2025\/08\/IMG-20250802-WA0056.jpg","jetpack_sharing_enabled":true,"jetpack_likes_enabled":true,"amp_enabled":true,"_links":{"self":[{"href":"https:\/\/encuentroinformativo.com.mx\/index.php?rest_route=\/wp\/v2\/posts\/69731","targetHints":{"allow":["GET"]}}],"collection":[{"href":"https:\/\/encuentroinformativo.com.mx\/index.php?rest_route=\/wp\/v2\/posts"}],"about":[{"href":"https:\/\/encuentroinformativo.com.mx\/index.php?rest_route=\/wp\/v2\/types\/post"}],"author":[{"embeddable":true,"href":"https:\/\/encuentroinformativo.com.mx\/index.php?rest_route=\/wp\/v2\/users\/2476"}],"replies":[{"embeddable":true,"href":"https:\/\/encuentroinformativo.com.mx\/index.php?rest_route=%2Fwp%2Fv2%2Fcomments&post=69731"}],"version-history":[{"count":1,"href":"https:\/\/encuentroinformativo.com.mx\/index.php?rest_route=\/wp\/v2\/posts\/69731\/revisions"}],"predecessor-version":[{"id":69734,"href":"https:\/\/encuentroinformativo.com.mx\/index.php?rest_route=\/wp\/v2\/posts\/69731\/revisions\/69734"}],"wp:featuredmedia":[{"embeddable":true,"href":"https:\/\/encuentroinformativo.com.mx\/index.php?rest_route=\/wp\/v2\/media\/69732"}],"wp:attachment":[{"href":"https:\/\/encuentroinformativo.com.mx\/index.php?rest_route=%2Fwp%2Fv2%2Fmedia&parent=69731"}],"wp:term":[{"taxonomy":"category","embeddable":true,"href":"https:\/\/encuentroinformativo.com.mx\/index.php?rest_route=%2Fwp%2Fv2%2Fcategories&post=69731"},{"taxonomy":"post_tag","embeddable":true,"href":"https:\/\/encuentroinformativo.com.mx\/index.php?rest_route=%2Fwp%2Fv2%2Ftags&post=69731"}],"curies":[{"name":"wp","href":"https:\/\/api.w.org\/{rel}","templated":true}]}}