{"id":69752,"date":"2025-08-03T14:23:34","date_gmt":"2025-08-03T20:23:34","guid":{"rendered":"https:\/\/encuentroinformativo.com.mx\/?p=69752"},"modified":"2025-08-03T14:23:34","modified_gmt":"2025-08-03T20:23:34","slug":"por-motin-pierden-la-vida-7-ppls-en-el-cereso-de-tuxpan","status":"publish","type":"post","link":"https:\/\/encuentroinformativo.com.mx\/?p=69752","title":{"rendered":"Por mot\u00edn, pierden la vida 7 PPLs en el CERESO de Tuxpan"},"content":{"rendered":"<p>Xalapa, Ver.- El Gobierno del Estado informa que, esta ma\u00f1ana alrededor de las 09:00 horas, se realiz\u00f3 un operativo coordinado en el Centro de Reinserci\u00f3n Social (CERESO) de Tuxpan, que permiti\u00f3 el restablecimiento del orden total y recuperar el control de las instalaciones tras los disturbios registrados este s\u00e1bado.<\/p>\n<p>Gracias a la intervenci\u00f3n conjunta de las secretar\u00edas de Marina, de la Defensa Nacional y de Seguridad P\u00fablica, as\u00ed como de la Guardia Nacional, se logr\u00f3 extinguir por completo los incendios provocados por la quema de diversos objetos al interior.<\/p>\n<p>Como resultado del amotinamiento, se reporta el lamentable fallecimiento de siete personas Privadas de la Libertad (PPL), as\u00ed como once personas lesionadas, quienes est\u00e1n recibiendo atenci\u00f3n m\u00e9dica en distintos hospitales.<\/p>\n<p>Asimismo, se informa que tres internos que fueron reubicados a consecuencia de este evento ya se encuentran instalados en el CERESO de P\u00e1nuco, sin novedades hasta el momento.<\/p>\n<p>El Gobierno del Estado reitera su compromiso con la gobernabilidad, el respeto a los derechos humanos y el fortalecimiento de las condiciones de seguridad en los centros de Reinserci\u00f3n Social, en estricto apego a la ley y en coordinaci\u00f3n con los distintos \u00f3rdenes de gobierno.<\/p>\n","protected":false},"excerpt":{"rendered":"<p>Xalapa, Ver.- El Gobierno del Estado informa que, esta ma\u00f1ana alrededor de las 09:00 horas, se realiz\u00f3 un operativo coordinado en el Centro de Reinserci\u00f3n Social (CERESO) de Tuxpan, que permiti\u00f3 el restablecimiento del orden total y recuperar el control de las instalaciones tras los disturbios registrados este s\u00e1bado. Gracias a la intervenci\u00f3n conjunta de [&hellip;]<\/p>\n","protected":false},"author":2476,"featured_media":69754,"comment_status":"open","ping_status":"open","sticky":false,"template":"","format":"standard","meta":{"_jetpack_memberships_contains_paid_content":false,"footnotes":""},"categories":[2],"tags":[],"class_list":["post-69752","post","type-post","status-publish","format-standard","has-post-thumbnail","hentry","category-estado"],"jetpack_featured_media_url":"https:\/\/encuentroinformativo.com.mx\/wp-content\/uploads\/2025\/08\/IMG-20230822-WA0061-768x6042-1.jpg","jetpack_sharing_enabled":true,"jetpack_likes_enabled":true,"amp_enabled":true,"_links":{"self":[{"href":"https:\/\/encuentroinformativo.com.mx\/index.php?rest_route=\/wp\/v2\/posts\/69752","targetHints":{"allow":["GET"]}}],"collection":[{"href":"https:\/\/encuentroinformativo.com.mx\/index.php?rest_route=\/wp\/v2\/posts"}],"about":[{"href":"https:\/\/encuentroinformativo.com.mx\/index.php?rest_route=\/wp\/v2\/types\/post"}],"author":[{"embeddable":true,"href":"https:\/\/encuentroinformativo.com.mx\/index.php?rest_route=\/wp\/v2\/users\/2476"}],"replies":[{"embeddable":true,"href":"https:\/\/encuentroinformativo.com.mx\/index.php?rest_route=%2Fwp%2Fv2%2Fcomments&post=69752"}],"version-history":[{"count":1,"href":"https:\/\/encuentroinformativo.com.mx\/index.php?rest_route=\/wp\/v2\/posts\/69752\/revisions"}],"predecessor-version":[{"id":69753,"href":"https:\/\/encuentroinformativo.com.mx\/index.php?rest_route=\/wp\/v2\/posts\/69752\/revisions\/69753"}],"wp:featuredmedia":[{"embeddable":true,"href":"https:\/\/encuentroinformativo.com.mx\/index.php?rest_route=\/wp\/v2\/media\/69754"}],"wp:attachment":[{"href":"https:\/\/encuentroinformativo.com.mx\/index.php?rest_route=%2Fwp%2Fv2%2Fmedia&parent=69752"}],"wp:term":[{"taxonomy":"category","embeddable":true,"href":"https:\/\/encuentroinformativo.com.mx\/index.php?rest_route=%2Fwp%2Fv2%2Fcategories&post=69752"},{"taxonomy":"post_tag","embeddable":true,"href":"https:\/\/encuentroinformativo.com.mx\/index.php?rest_route=%2Fwp%2Fv2%2Ftags&post=69752"}],"curies":[{"name":"wp","href":"https:\/\/api.w.org\/{rel}","templated":true}]}}