{"id":69755,"date":"2025-08-04T09:50:04","date_gmt":"2025-08-04T15:50:04","guid":{"rendered":"https:\/\/encuentroinformativo.com.mx\/?p=69755"},"modified":"2025-08-04T09:50:04","modified_gmt":"2025-08-04T15:50:04","slug":"cuesta-a-la-vista","status":"publish","type":"post","link":"https:\/\/encuentroinformativo.com.mx\/?p=69755","title":{"rendered":"\u00a1Cuesta a la vista!"},"content":{"rendered":"<p><strong>\u201cDEBO, NO NIEGO; PAGO, LO JUSTO\u201d<\/strong><\/p>\n<p><strong>Teresa Carbajal<\/strong><\/p>\n<p>La entrada a clases es catalogada como la segunda cuesta del a\u00f1o, por los gastos propios que se erogan con el inicio de un nuevo ciclo escolar, desde inscripciones, uniformes, \u00fatiles, libros, materiales inimaginables y un largo etc\u00e9tera.<\/p>\n<p>Lo peor del momento es que se da, justo despu\u00e9s de un fuerte periodo de gastos ocasionados por las graduaciones, y los conceptos propios de la finalizaci\u00f3n del ciclo anterior.<\/p>\n<p>Eso sin contar que, entre uno y otro, hay un lapso que se conoce como \u2018vacaciones\u2019, digo que se conoce porque salvo que te dediques a la pol\u00edtica, o tengas ingresos fuertes y sostenidos durante el a\u00f1o; es muy dif\u00edcil darse \u201cvacaciones\u201d, peor si eres patr\u00f3n, porque en ese caso, pues la responsabilidad y las cargas econ\u00f3micas, se incrementan.<\/p>\n<p>Para ser mas precisos, hay un receso de los escolares, que conlleva por una parte la baja de la actividad econ\u00f3mica, y por otra la necesidad de seguir trabajando, sum\u00e1ndole a la rutina del d\u00eda, el cuidado y atenci\u00f3n de los peque\u00f1os en un horario ampliado.<\/p>\n<p>La inercia de los d\u00edas, y el ambiente de vacaciones que se percibe de forma contagiosa, nos llevan a buscar una salida, una actividad, y en casos mas audaces, a buscar formas de poder vacacionar unos d\u00edas con la familia, cayendo en las trampas de la mercadotecnia al tomar un compromiso de pago que puede resultar dif\u00edcil de cumplir y que por tanto va a generar un desequilibrio en la econom\u00eda familiar.<\/p>\n<p>O por otro lado, caer en la trampa de las \u2018vacaciones milagro\u2019, estafa -no de moda pero s\u00ed, muy frecuente- en las ofertas de previo pago, que resultan ser un fraude, pues te venden el sue\u00f1o de un destino maravilloso a bajo costo, lo cual termina en quebranto econ\u00f3mico, vaciado de cuentas, y conflicto emocional.<\/p>\n<p>Por todo ello es que el previo a la entrada a clases si no se hace con disciplina y organizaci\u00f3n, ser\u00e1 un dif\u00edcil momento de superar. As\u00ed, estas fechas debieran estar ya planeadas o previstas en el presupuesto anual, ese que cada enero decimos no debe faltar, bajo la promesa de que este a\u00f1o, s\u00ed logramos lo del ahorro.<\/p>\n<p>Si no lo has hecho, justo el d\u00eda de hoy, (inicio del mes de agosto) es un buen momento para tomar l\u00e1piz y papel, y comenzar a presupuestar y asignar los conceptos que vendr\u00e1n para este primero de septiembre, fecha que marca el calendario como arranque del ciclo escolar.<\/p>\n<p>Debemos inculcar a los peque\u00f1os desde temprana edad, lo relativo al ahorro, y desde luego al presupuesto, esto mediante peque\u00f1as tareas como pedirles que colaboren con nosotros a la hora de revisar el estado que guardan sus \u00fatiles y decidir cuales pueden servir en el nuevo ciclo.<\/p>\n<p>Lo mismo con la ropa, o zapatos, para que puedan alargar su vida, y servir otro tiempo m\u00e1s. Quiz\u00e1 no suene tan extra\u00f1o que en ocasiones una deuda, tiene como origen la falta de respuestas ante la segunda cuesta del a\u00f1o, lo que nos hace recurrir a pr\u00e9stamos expr\u00e9s, o a la toma de cr\u00e9ditos, que pueden comprometer nuestra tranquilidad en los siguientes d\u00edas.<\/p>\n<p>En serio; ya que tenemos una ampliaci\u00f3n del periodo de receso escolar, es muy conveniente destinar ese tiempo a la planeaci\u00f3n, porque no es tarde. Esta ense\u00f1anza y forma de programar los pagos, ayudar\u00e1 en la vida futura a los ni\u00f1os, como no se imagina.<\/p>\n<p>Pues no por nada se dice, que es mejor predicar con el ejemplo. Sobre las vacaciones o las opciones de verano, vale mucho la pena priorizar lo que mas convenga (lo que menos presi\u00f3n nos genere) para no sujetarnos a un pago imposible.<br \/>\nUna buena tarde con amigos, u ocuparnos en \u2018descacharrizar\u2019 lo que ya no nos sirva, visitar a la familia que vive lejos, y pasar unos d\u00edas con ellos, en mas hacernos videollamadas para ponernos al d\u00eda, hacer un poco de ejercicio al aire libre, llamar a quienes queremos y a veces por falta de tiempo no atendemos.<\/p>\n<p>Son actividades que no nos llevar\u00e1n a la ruina econ\u00f3mica, y que s\u00ed van a servir para darle un descanso al alma, para salir de la rutina, y para reforzar nuestros lazos afectivos que tanta falta nos hacen, para evitar incluso, las adicciones.<\/p>\n<p>As\u00ed que, dos asignaturas resalto en este receso escolar, cuide su dinero, planee sus actividades de vacaciones buscando alternativas econ\u00f3micas, y; organice sus gastos de la entrada a clases, evitando los cr\u00e9ditos innecesarios.<br \/>\nvisite www.elbarzonrc.org Contacte elbarzonrc@yahoo.com.mx, O s\u00edgame en @terecarbajal<\/p>\n","protected":false},"excerpt":{"rendered":"<p>\u201cDEBO, NO NIEGO; PAGO, LO JUSTO\u201d Teresa Carbajal La entrada a clases es catalogada como la segunda cuesta del a\u00f1o, por los gastos propios que se erogan con el inicio de un nuevo ciclo escolar, desde inscripciones, uniformes, \u00fatiles, libros, materiales inimaginables y un largo etc\u00e9tera. Lo peor del momento es que se da, justo [&hellip;]<\/p>\n","protected":false},"author":2476,"featured_media":387,"comment_status":"open","ping_status":"open","sticky":false,"template":"","format":"standard","meta":{"_jetpack_memberships_contains_paid_content":false,"footnotes":""},"categories":[11],"tags":[],"class_list":["post-69755","post","type-post","status-publish","format-standard","has-post-thumbnail","hentry","category-opinion"],"jetpack_featured_media_url":"https:\/\/encuentroinformativo.com.mx\/wp-content\/uploads\/2020\/03\/7CF8A22B-2764-47BE-8F7F-38FE9E5D6A2F.jpeg","jetpack_sharing_enabled":true,"jetpack_likes_enabled":true,"amp_enabled":true,"_links":{"self":[{"href":"https:\/\/encuentroinformativo.com.mx\/index.php?rest_route=\/wp\/v2\/posts\/69755","targetHints":{"allow":["GET"]}}],"collection":[{"href":"https:\/\/encuentroinformativo.com.mx\/index.php?rest_route=\/wp\/v2\/posts"}],"about":[{"href":"https:\/\/encuentroinformativo.com.mx\/index.php?rest_route=\/wp\/v2\/types\/post"}],"author":[{"embeddable":true,"href":"https:\/\/encuentroinformativo.com.mx\/index.php?rest_route=\/wp\/v2\/users\/2476"}],"replies":[{"embeddable":true,"href":"https:\/\/encuentroinformativo.com.mx\/index.php?rest_route=%2Fwp%2Fv2%2Fcomments&post=69755"}],"version-history":[{"count":1,"href":"https:\/\/encuentroinformativo.com.mx\/index.php?rest_route=\/wp\/v2\/posts\/69755\/revisions"}],"predecessor-version":[{"id":69756,"href":"https:\/\/encuentroinformativo.com.mx\/index.php?rest_route=\/wp\/v2\/posts\/69755\/revisions\/69756"}],"wp:featuredmedia":[{"embeddable":true,"href":"https:\/\/encuentroinformativo.com.mx\/index.php?rest_route=\/wp\/v2\/media\/387"}],"wp:attachment":[{"href":"https:\/\/encuentroinformativo.com.mx\/index.php?rest_route=%2Fwp%2Fv2%2Fmedia&parent=69755"}],"wp:term":[{"taxonomy":"category","embeddable":true,"href":"https:\/\/encuentroinformativo.com.mx\/index.php?rest_route=%2Fwp%2Fv2%2Fcategories&post=69755"},{"taxonomy":"post_tag","embeddable":true,"href":"https:\/\/encuentroinformativo.com.mx\/index.php?rest_route=%2Fwp%2Fv2%2Ftags&post=69755"}],"curies":[{"name":"wp","href":"https:\/\/api.w.org\/{rel}","templated":true}]}}