{"id":69757,"date":"2025-08-04T10:25:41","date_gmt":"2025-08-04T16:25:41","guid":{"rendered":"https:\/\/encuentroinformativo.com.mx\/?p=69757"},"modified":"2025-08-04T10:25:41","modified_gmt":"2025-08-04T16:25:41","slug":"reclaman-sindicatos-pago-de-nominas-y-polizas-de-seguros","status":"publish","type":"post","link":"https:\/\/encuentroinformativo.com.mx\/?p=69757","title":{"rendered":"Reclaman sindicatos pago de n\u00f3minas y p\u00f3lizas de seguros"},"content":{"rendered":"<p><strong>Dar\u00edo Pale<\/strong><\/p>\n<p>Xalapa, Ver.- Mois\u00e9s L\u00f3pez Serrano, secretario general del sindicato Pedro Matusco y secretario tambi\u00e9n de la federaci\u00f3n del sindicato de educaci\u00f3n tecnol\u00f3gica superior del estado, dio a conocer que la manifestaci\u00f3n en las instalaciones de la SEFIPLAN, para solicitar el pago de la n\u00f3mina y las p\u00f3lizas de seguros.<\/p>\n<p>Entrevistado durante la manifestaci\u00f3n dio a conocer que, \u201cnos encontramos reunidos presentes aqu\u00ed secretarios del sindicato de Tantoyuca, \u00c1lamo Temapache, Naranjos, Poza Rica, P\u00e1nuco, Jes\u00fas Carranza, La Choapas, Zongolica, Perote, Cosamaloapan, Juan Rodr\u00edguez Clara, Tierra Blanca y Universidad Polit\u00e9cnica de Huatusco, bueno, en primer lugar estamos solicitando que se cumpla en tiempo y forma el pago de la n\u00f3mina\u201d.<\/p>\n<p>\u201cEn esta quincena hubo problemas en varios tecnol\u00f3gicos por falta de recursos que no ha mandado el Estado, y bueno, los directores no pudieron cubrir la n\u00f3mina completa, y pedimos en primer lugar la intervenci\u00f3n de la gobernadora para que esto no vuelva a suceder, y en segundo lugar, pues, el pago ya inmediato de todas las prestaciones del contrato colectivo, que a la fecha, durante siete meses no se han cubierto de esta administraci\u00f3n\u201d, se\u00f1al\u00f3.<\/p>\n<p>Coment\u00f3 que ya han agotado el di\u00e1logo con la SEV, con la Secretar\u00eda del Trabajo para poder gestionar una soluci\u00f3n, en cambio, pero no lo han logrado, los han atendido, pero no ha habido una respuesta clara sobre por qu\u00e9 no se est\u00e1n mandando los recursos a los tecnol\u00f3gicos, tanto para prestaciones como para gasto operativo.<\/p>\n<p>Dijo que esto est\u00e1 afectando mucho el desempe\u00f1o de los tecnol\u00f3gicos, les comentan las autoridades que la Secretar\u00eda de Finanzas es quien deber\u00eda de erradicar los recursos<br \/>\npara poder realizar la operaci\u00f3n y pago de prestaciones.<\/p>\n<p>\u201cSin embargo, hasta la fecha no se ha llegado como tal, solamente env\u00edan para pura n\u00f3mina, incluso pues algunos directores deben impuestos, infonavit, IMSS, IPE, y bueno, esa situaci\u00f3n pues ya est\u00e1 impactando gravemente a los trabajadores\u201d, coment\u00f3.<\/p>\n<p>Un caso m\u00e1s pues sensible es el caso de que todav\u00eda no se nos pagan las p\u00f3lizas de seguro de vida, que est\u00e1n pactadas en los contratos colectivos, y bueno, eso vulnera a los trabajadores, ya que ya hay compa\u00f1eros fallecidos que no han podido, pues de alguna manera, ser beneficiados con la p\u00f3liza de ese seguro, porque no se cubri\u00f3 dicho pago\u201d, agreg\u00f3.<\/p>\n<p>Esa es una de las tantas prestaciones que les deben ya que a la fecha no han cubierto ninguna, por lo que est\u00e1n pidiendo la intervenci\u00f3n de la gobernadora Norma Roc\u00edo Nahle Garc\u00eda, para que los atienda y gire las indicaciones con quien tenga que ser para que empiece a fluir ese recurso.<\/p>\n<p>Finalmente se\u00f1alaron que, \u201cse ven afectados m\u00e1s de dos mil trabajadores del sistema, ahora sindicalizados, ahorita venimos, bueno, 18 sindicatos aqu\u00ed a solicitar esta intervenci\u00f3n de la gobernadora y tambi\u00e9n, bueno, nuestros planteles, algunos van a tomar hoy igual medidas de manifestaci\u00f3n y protesta para que, bueno, se nos pudiera atender lo antes posible, ya que llevamos ya, como le digo, m\u00e1s de siete meses acerc\u00e1ndonos a la autoridad y hasta ahorita no ha habido una respuesta clara sobre el tema\u201d.<\/p>\n<p><img loading=\"lazy\" decoding=\"async\" class=\"aligncenter size-medium wp-image-69759\" src=\"https:\/\/encuentroinformativo.com.mx\/wp-content\/uploads\/2025\/08\/IMG-20250804-WA0060-300x169.jpg\" alt=\"\" width=\"300\" height=\"169\" srcset=\"https:\/\/encuentroinformativo.com.mx\/wp-content\/uploads\/2025\/08\/IMG-20250804-WA0060-300x169.jpg 300w, https:\/\/encuentroinformativo.com.mx\/wp-content\/uploads\/2025\/08\/IMG-20250804-WA0060-1024x576.jpg 1024w, https:\/\/encuentroinformativo.com.mx\/wp-content\/uploads\/2025\/08\/IMG-20250804-WA0060-768x432.jpg 768w, https:\/\/encuentroinformativo.com.mx\/wp-content\/uploads\/2025\/08\/IMG-20250804-WA0060-1536x864.jpg 1536w, https:\/\/encuentroinformativo.com.mx\/wp-content\/uploads\/2025\/08\/IMG-20250804-WA0060.jpg 1600w\" sizes=\"auto, (max-width: 300px) 100vw, 300px\" \/><\/p>\n","protected":false},"excerpt":{"rendered":"<p>Dar\u00edo Pale Xalapa, Ver.- Mois\u00e9s L\u00f3pez Serrano, secretario general del sindicato Pedro Matusco y secretario tambi\u00e9n de la federaci\u00f3n del sindicato de educaci\u00f3n tecnol\u00f3gica superior del estado, dio a conocer que la manifestaci\u00f3n en las instalaciones de la SEFIPLAN, para solicitar el pago de la n\u00f3mina y las p\u00f3lizas de seguros. Entrevistado durante la manifestaci\u00f3n [&hellip;]<\/p>\n","protected":false},"author":2476,"featured_media":69758,"comment_status":"open","ping_status":"open","sticky":false,"template":"","format":"standard","meta":{"_jetpack_memberships_contains_paid_content":false,"footnotes":""},"categories":[2],"tags":[],"class_list":["post-69757","post","type-post","status-publish","format-standard","has-post-thumbnail","hentry","category-estado"],"jetpack_featured_media_url":"https:\/\/encuentroinformativo.com.mx\/wp-content\/uploads\/2025\/08\/IMG-20250804-WA0064-scaled.jpg","jetpack_sharing_enabled":true,"jetpack_likes_enabled":true,"amp_enabled":true,"_links":{"self":[{"href":"https:\/\/encuentroinformativo.com.mx\/index.php?rest_route=\/wp\/v2\/posts\/69757","targetHints":{"allow":["GET"]}}],"collection":[{"href":"https:\/\/encuentroinformativo.com.mx\/index.php?rest_route=\/wp\/v2\/posts"}],"about":[{"href":"https:\/\/encuentroinformativo.com.mx\/index.php?rest_route=\/wp\/v2\/types\/post"}],"author":[{"embeddable":true,"href":"https:\/\/encuentroinformativo.com.mx\/index.php?rest_route=\/wp\/v2\/users\/2476"}],"replies":[{"embeddable":true,"href":"https:\/\/encuentroinformativo.com.mx\/index.php?rest_route=%2Fwp%2Fv2%2Fcomments&post=69757"}],"version-history":[{"count":1,"href":"https:\/\/encuentroinformativo.com.mx\/index.php?rest_route=\/wp\/v2\/posts\/69757\/revisions"}],"predecessor-version":[{"id":69760,"href":"https:\/\/encuentroinformativo.com.mx\/index.php?rest_route=\/wp\/v2\/posts\/69757\/revisions\/69760"}],"wp:featuredmedia":[{"embeddable":true,"href":"https:\/\/encuentroinformativo.com.mx\/index.php?rest_route=\/wp\/v2\/media\/69758"}],"wp:attachment":[{"href":"https:\/\/encuentroinformativo.com.mx\/index.php?rest_route=%2Fwp%2Fv2%2Fmedia&parent=69757"}],"wp:term":[{"taxonomy":"category","embeddable":true,"href":"https:\/\/encuentroinformativo.com.mx\/index.php?rest_route=%2Fwp%2Fv2%2Fcategories&post=69757"},{"taxonomy":"post_tag","embeddable":true,"href":"https:\/\/encuentroinformativo.com.mx\/index.php?rest_route=%2Fwp%2Fv2%2Ftags&post=69757"}],"curies":[{"name":"wp","href":"https:\/\/api.w.org\/{rel}","templated":true}]}}