{"id":69787,"date":"2025-08-04T17:46:20","date_gmt":"2025-08-04T23:46:20","guid":{"rendered":"https:\/\/encuentroinformativo.com.mx\/?p=69787"},"modified":"2025-08-04T17:46:20","modified_gmt":"2025-08-04T23:46:20","slug":"asaltan-con-violencia-comercio-en-colonia-veracruz-puerto","status":"publish","type":"post","link":"https:\/\/encuentroinformativo.com.mx\/?p=69787","title":{"rendered":"Asaltan con violencia comercio en colonia Veracruz puerto"},"content":{"rendered":"<p><strong>Alejandro \u00c1vila<\/strong><\/p>\n<p>Veracruz, Ver.- A trav\u00e9s de redes sociales se dio a conocer este lunes 4 de agosto el video de un asalto con violencia a un comercio ubicado en el fraccionamiento Los Torrentes al norte del municipio de Veracruz.<\/p>\n<p>El robo se suscit\u00f3 la noche de este domingo 3 de agosto sobre la avenida V\u00edctor S\u00e1nchez Tapia esquina con Totutla, en el negocio de tortas &#8220;Los Gallos de Cuauht\u00e9moc&#8221;.<\/p>\n<p>En el video de seguridad del inmueble que fue dado a conocer por los propios due\u00f1os, se visualiza como un sujeto saca un arma y con palabras altisonantes exige a los empleados que le entreguen el dinero de la venta del d\u00eda.<\/p>\n<p>El rufi\u00e1n qued\u00f3 totalmente identificado en la grabaci\u00f3n y vest\u00eda pantal\u00f3n de mezclilla azul, camisa oscura, chaleco negro, gorra color caf\u00e9 y calzado tipo mocas\u00edn; si bien ninguno de los empleados result\u00f3 herido, s\u00ed hubo que darles atenci\u00f3n m\u00e9dica por crisis nerviosa.<\/p>\n<p>Debido a este hecho delictivo, los vecinos de la zona exigieron a las autoridades que las patrullas realicen rondines m\u00e1s continuos ya que los asaltos se dan de manera continua en la mencionada colonia.<\/p>\n","protected":false},"excerpt":{"rendered":"<p>Alejandro \u00c1vila Veracruz, Ver.- A trav\u00e9s de redes sociales se dio a conocer este lunes 4 de agosto el video de un asalto con violencia a un comercio ubicado en el fraccionamiento Los Torrentes al norte del municipio de Veracruz. El robo se suscit\u00f3 la noche de este domingo 3 de agosto sobre la avenida [&hellip;]<\/p>\n","protected":false},"author":2476,"featured_media":69788,"comment_status":"open","ping_status":"open","sticky":false,"template":"","format":"standard","meta":{"_jetpack_memberships_contains_paid_content":false,"footnotes":""},"categories":[14],"tags":[],"class_list":["post-69787","post","type-post","status-publish","format-standard","has-post-thumbnail","hentry","category-policiaca"],"jetpack_featured_media_url":"https:\/\/encuentroinformativo.com.mx\/wp-content\/uploads\/2025\/08\/Screenshot_20250804-174451.png","jetpack_sharing_enabled":true,"jetpack_likes_enabled":true,"amp_enabled":true,"_links":{"self":[{"href":"https:\/\/encuentroinformativo.com.mx\/index.php?rest_route=\/wp\/v2\/posts\/69787","targetHints":{"allow":["GET"]}}],"collection":[{"href":"https:\/\/encuentroinformativo.com.mx\/index.php?rest_route=\/wp\/v2\/posts"}],"about":[{"href":"https:\/\/encuentroinformativo.com.mx\/index.php?rest_route=\/wp\/v2\/types\/post"}],"author":[{"embeddable":true,"href":"https:\/\/encuentroinformativo.com.mx\/index.php?rest_route=\/wp\/v2\/users\/2476"}],"replies":[{"embeddable":true,"href":"https:\/\/encuentroinformativo.com.mx\/index.php?rest_route=%2Fwp%2Fv2%2Fcomments&post=69787"}],"version-history":[{"count":1,"href":"https:\/\/encuentroinformativo.com.mx\/index.php?rest_route=\/wp\/v2\/posts\/69787\/revisions"}],"predecessor-version":[{"id":69789,"href":"https:\/\/encuentroinformativo.com.mx\/index.php?rest_route=\/wp\/v2\/posts\/69787\/revisions\/69789"}],"wp:featuredmedia":[{"embeddable":true,"href":"https:\/\/encuentroinformativo.com.mx\/index.php?rest_route=\/wp\/v2\/media\/69788"}],"wp:attachment":[{"href":"https:\/\/encuentroinformativo.com.mx\/index.php?rest_route=%2Fwp%2Fv2%2Fmedia&parent=69787"}],"wp:term":[{"taxonomy":"category","embeddable":true,"href":"https:\/\/encuentroinformativo.com.mx\/index.php?rest_route=%2Fwp%2Fv2%2Fcategories&post=69787"},{"taxonomy":"post_tag","embeddable":true,"href":"https:\/\/encuentroinformativo.com.mx\/index.php?rest_route=%2Fwp%2Fv2%2Ftags&post=69787"}],"curies":[{"name":"wp","href":"https:\/\/api.w.org\/{rel}","templated":true}]}}