{"id":69790,"date":"2025-08-04T17:49:52","date_gmt":"2025-08-04T23:49:52","guid":{"rendered":"https:\/\/encuentroinformativo.com.mx\/?p=69790"},"modified":"2025-08-04T17:49:52","modified_gmt":"2025-08-04T23:49:52","slug":"familiares-exigen-aparicion-del-joven-johan-ortega","status":"publish","type":"post","link":"https:\/\/encuentroinformativo.com.mx\/?p=69790","title":{"rendered":"Familiares exigen aparici\u00f3n del joven Johan Ortega"},"content":{"rendered":"<p><strong>Alejandro \u00c1vila<\/strong><\/p>\n<p>Veracruz, Ver.- Familiares y amigos se manifestaron en la ma\u00f1ana de este lunes 4 de agosto para exigir la aparici\u00f3n del joven de 16 a\u00f1os, Johan Ortega Olivares.<\/p>\n<p>Su madre, Mar\u00eda Ang\u00e9lica Olivares, relat\u00f3 que el joven se dedica a la venta de productos para el hogar y, el pasado jueves 31 de julio sali\u00f3 a las 7 de la ma\u00f1ana de su domicilio para encontrarse con un cliente en el parque de la Unidad Habitacional El Coyol a qui\u00e9n le iba a entregar un pedido, desde esa fecha desconoce de su paradero.<\/p>\n<p>&#8220;Nosotros vivimos en Los Volcanes y lo hemos buscado, hemos puesto volantes en los postes, hemos repartido volantes, lo hemos buscado en los hospitales, fuimos ah\u00ed a la Fiscal\u00eda ya pusimos la denuncia (&#8230;) nunca hab\u00eda hecho eso, nunca hab\u00eda faltado la casa, es un ni\u00f1o muy sano, \u00e9l trabaja y no entiendo que fue lo que pas\u00f3&#8221;, se\u00f1al\u00f3.<\/p>\n<p>Envuelta en l\u00e1grimas la madre del joven desaparecido solicit\u00f3 a la Fiscal\u00eda de Veracruz dar celeridad a las investigaciones, pues ha pasado cinco d\u00edas de angustia a la espera de su hijo.<\/p>\n","protected":false},"excerpt":{"rendered":"<p>Alejandro \u00c1vila Veracruz, Ver.- Familiares y amigos se manifestaron en la ma\u00f1ana de este lunes 4 de agosto para exigir la aparici\u00f3n del joven de 16 a\u00f1os, Johan Ortega Olivares. Su madre, Mar\u00eda Ang\u00e9lica Olivares, relat\u00f3 que el joven se dedica a la venta de productos para el hogar y, el pasado jueves 31 de [&hellip;]<\/p>\n","protected":false},"author":2476,"featured_media":69791,"comment_status":"open","ping_status":"open","sticky":false,"template":"","format":"standard","meta":{"_jetpack_memberships_contains_paid_content":false,"footnotes":""},"categories":[2],"tags":[],"class_list":["post-69790","post","type-post","status-publish","format-standard","has-post-thumbnail","hentry","category-estado"],"jetpack_featured_media_url":"https:\/\/encuentroinformativo.com.mx\/wp-content\/uploads\/2025\/08\/IMG-20250804-WA0452.jpg","jetpack_sharing_enabled":true,"jetpack_likes_enabled":true,"amp_enabled":true,"_links":{"self":[{"href":"https:\/\/encuentroinformativo.com.mx\/index.php?rest_route=\/wp\/v2\/posts\/69790","targetHints":{"allow":["GET"]}}],"collection":[{"href":"https:\/\/encuentroinformativo.com.mx\/index.php?rest_route=\/wp\/v2\/posts"}],"about":[{"href":"https:\/\/encuentroinformativo.com.mx\/index.php?rest_route=\/wp\/v2\/types\/post"}],"author":[{"embeddable":true,"href":"https:\/\/encuentroinformativo.com.mx\/index.php?rest_route=\/wp\/v2\/users\/2476"}],"replies":[{"embeddable":true,"href":"https:\/\/encuentroinformativo.com.mx\/index.php?rest_route=%2Fwp%2Fv2%2Fcomments&post=69790"}],"version-history":[{"count":1,"href":"https:\/\/encuentroinformativo.com.mx\/index.php?rest_route=\/wp\/v2\/posts\/69790\/revisions"}],"predecessor-version":[{"id":69792,"href":"https:\/\/encuentroinformativo.com.mx\/index.php?rest_route=\/wp\/v2\/posts\/69790\/revisions\/69792"}],"wp:featuredmedia":[{"embeddable":true,"href":"https:\/\/encuentroinformativo.com.mx\/index.php?rest_route=\/wp\/v2\/media\/69791"}],"wp:attachment":[{"href":"https:\/\/encuentroinformativo.com.mx\/index.php?rest_route=%2Fwp%2Fv2%2Fmedia&parent=69790"}],"wp:term":[{"taxonomy":"category","embeddable":true,"href":"https:\/\/encuentroinformativo.com.mx\/index.php?rest_route=%2Fwp%2Fv2%2Fcategories&post=69790"},{"taxonomy":"post_tag","embeddable":true,"href":"https:\/\/encuentroinformativo.com.mx\/index.php?rest_route=%2Fwp%2Fv2%2Ftags&post=69790"}],"curies":[{"name":"wp","href":"https:\/\/api.w.org\/{rel}","templated":true}]}}