{"id":69800,"date":"2025-08-05T11:17:14","date_gmt":"2025-08-05T17:17:14","guid":{"rendered":"https:\/\/encuentroinformativo.com.mx\/?p=69800"},"modified":"2025-08-05T11:17:14","modified_gmt":"2025-08-05T17:17:14","slug":"en-boca-del-rio-fallece-mujer-tras-accidente-en-moto","status":"publish","type":"post","link":"https:\/\/encuentroinformativo.com.mx\/?p=69800","title":{"rendered":"En Boca del R\u00edo fallece mujer tras accidente en moto"},"content":{"rendered":"<p><strong>Alejandro \u00c1vila<\/strong><\/p>\n<p>Boca del R\u00edo, Ver.- La ma\u00f1ana de este martes 5 de agosto se suscit\u00f3 un lamentable accidente sobre el bulevar Miguel Alem\u00e1n del municipio de Boca del R\u00edo, donde una mujer perdi\u00f3 la vida.<\/p>\n<p>Los primeros reportes indican que la mujer de aproximadamente 35 a\u00f1os habr\u00eda perdido el control de su motocicleta y se estrell\u00f3 contra un poste de luz, lo que le provoc\u00f3 la muerte instant\u00e1nea.<\/p>\n<p>El sujeto que la acompa\u00f1aba vol\u00f3 varios metros y sufri\u00f3 el desprendimiento de su pierna, por lo cual fue trasladado inmediatamente a un hospital cercano.<\/p>\n<p>Personal de la Polic\u00eda Municipal de Boca del R\u00edo se present\u00f3 en el sitio del accidente y resguard\u00f3 la zona a la espera de la llegada de representantes de la Fiscal\u00eda General del Estado, encargados del levantamiento del cuerpo.<\/p>\n","protected":false},"excerpt":{"rendered":"<p>Alejandro \u00c1vila Boca del R\u00edo, Ver.- La ma\u00f1ana de este martes 5 de agosto se suscit\u00f3 un lamentable accidente sobre el bulevar Miguel Alem\u00e1n del municipio de Boca del R\u00edo, donde una mujer perdi\u00f3 la vida. Los primeros reportes indican que la mujer de aproximadamente 35 a\u00f1os habr\u00eda perdido el control de su motocicleta y [&hellip;]<\/p>\n","protected":false},"author":2476,"featured_media":69801,"comment_status":"open","ping_status":"open","sticky":false,"template":"","format":"standard","meta":{"_jetpack_memberships_contains_paid_content":false,"footnotes":""},"categories":[2],"tags":[],"class_list":["post-69800","post","type-post","status-publish","format-standard","has-post-thumbnail","hentry","category-estado"],"jetpack_featured_media_url":"https:\/\/encuentroinformativo.com.mx\/wp-content\/uploads\/2025\/08\/IMG-20250805-WA0058.jpg","jetpack_sharing_enabled":true,"jetpack_likes_enabled":true,"amp_enabled":true,"_links":{"self":[{"href":"https:\/\/encuentroinformativo.com.mx\/index.php?rest_route=\/wp\/v2\/posts\/69800","targetHints":{"allow":["GET"]}}],"collection":[{"href":"https:\/\/encuentroinformativo.com.mx\/index.php?rest_route=\/wp\/v2\/posts"}],"about":[{"href":"https:\/\/encuentroinformativo.com.mx\/index.php?rest_route=\/wp\/v2\/types\/post"}],"author":[{"embeddable":true,"href":"https:\/\/encuentroinformativo.com.mx\/index.php?rest_route=\/wp\/v2\/users\/2476"}],"replies":[{"embeddable":true,"href":"https:\/\/encuentroinformativo.com.mx\/index.php?rest_route=%2Fwp%2Fv2%2Fcomments&post=69800"}],"version-history":[{"count":1,"href":"https:\/\/encuentroinformativo.com.mx\/index.php?rest_route=\/wp\/v2\/posts\/69800\/revisions"}],"predecessor-version":[{"id":69802,"href":"https:\/\/encuentroinformativo.com.mx\/index.php?rest_route=\/wp\/v2\/posts\/69800\/revisions\/69802"}],"wp:featuredmedia":[{"embeddable":true,"href":"https:\/\/encuentroinformativo.com.mx\/index.php?rest_route=\/wp\/v2\/media\/69801"}],"wp:attachment":[{"href":"https:\/\/encuentroinformativo.com.mx\/index.php?rest_route=%2Fwp%2Fv2%2Fmedia&parent=69800"}],"wp:term":[{"taxonomy":"category","embeddable":true,"href":"https:\/\/encuentroinformativo.com.mx\/index.php?rest_route=%2Fwp%2Fv2%2Fcategories&post=69800"},{"taxonomy":"post_tag","embeddable":true,"href":"https:\/\/encuentroinformativo.com.mx\/index.php?rest_route=%2Fwp%2Fv2%2Ftags&post=69800"}],"curies":[{"name":"wp","href":"https:\/\/api.w.org\/{rel}","templated":true}]}}