{"id":69810,"date":"2025-08-05T13:30:03","date_gmt":"2025-08-05T19:30:03","guid":{"rendered":"https:\/\/encuentroinformativo.com.mx\/?p=69810"},"modified":"2025-08-05T13:30:03","modified_gmt":"2025-08-05T19:30:03","slug":"agreden-viviendas-de-chicas-trans-en-veracruz-puerto-senala-activista","status":"publish","type":"post","link":"https:\/\/encuentroinformativo.com.mx\/?p=69810","title":{"rendered":"Agreden viviendas de chicas trans en Veracruz puerto, se\u00f1ala activista\u00a0"},"content":{"rendered":"<p><strong>Alejandro \u00c1vila<\/strong><\/p>\n<p>Veracruz, Ver.- En lo que va del 2025 han apedreado casas y violentado a tres mujeres trans en el puerto de Veracruz, se\u00f1al\u00f3 el presidente de la Comunidad Jarochos LGBTQ+, Guillermo Izacur Maldonado.<\/p>\n<p>El activista mencion\u00f3 que a las tres mujeres se les ha dado asesor\u00eda legal por el acoso y violencia que han sufrido en sus respectivas viviendas; de ellas, solamente una ha querido presentar su denuncia ante las autoridades correspondientes.<\/p>\n<p>&#8220;Tenemos tres casos de discriminaci\u00f3n en hogares, en colonias que les fueron a apedrear sus casas, ya tambi\u00e9n tenemos el apoyo legal y el seguimiento a estas personas, chicas trans que las est\u00e1n acosando sus vecinos, ellas se fueron a quejar y ya las estamos apoyando sin ning\u00fan costo (&#8230;) las han violentado porque llegaron golpeadas ese d\u00eda al evento, se metieron a sus casa, le rompieron sus cosas, ya fuimos a tomar fotos y presentamos la denuncia&#8221;, se\u00f1al\u00f3 Guillermo Izacur.<\/p>\n<p>El activista de la comunidad LGBTQ+ mencion\u00f3 que en los otros dos casos se encuentran recabando informaci\u00f3n y asesorando legal y psicol\u00f3gicamente a las v\u00edctimas para que presenten su denuncia ante la Fiscal\u00eda de Veracruz.<\/p>\n","protected":false},"excerpt":{"rendered":"<p>Alejandro \u00c1vila Veracruz, Ver.- En lo que va del 2025 han apedreado casas y violentado a tres mujeres trans en el puerto de Veracruz, se\u00f1al\u00f3 el presidente de la Comunidad Jarochos LGBTQ+, Guillermo Izacur Maldonado. El activista mencion\u00f3 que a las tres mujeres se les ha dado asesor\u00eda legal por el acoso y violencia que [&hellip;]<\/p>\n","protected":false},"author":2476,"featured_media":69811,"comment_status":"open","ping_status":"open","sticky":false,"template":"","format":"standard","meta":{"_jetpack_memberships_contains_paid_content":false,"footnotes":""},"categories":[2],"tags":[],"class_list":["post-69810","post","type-post","status-publish","format-standard","has-post-thumbnail","hentry","category-estado"],"jetpack_featured_media_url":"https:\/\/encuentroinformativo.com.mx\/wp-content\/uploads\/2025\/08\/IMG-20250805-WA01302.jpg","jetpack_sharing_enabled":true,"jetpack_likes_enabled":true,"amp_enabled":true,"_links":{"self":[{"href":"https:\/\/encuentroinformativo.com.mx\/index.php?rest_route=\/wp\/v2\/posts\/69810","targetHints":{"allow":["GET"]}}],"collection":[{"href":"https:\/\/encuentroinformativo.com.mx\/index.php?rest_route=\/wp\/v2\/posts"}],"about":[{"href":"https:\/\/encuentroinformativo.com.mx\/index.php?rest_route=\/wp\/v2\/types\/post"}],"author":[{"embeddable":true,"href":"https:\/\/encuentroinformativo.com.mx\/index.php?rest_route=\/wp\/v2\/users\/2476"}],"replies":[{"embeddable":true,"href":"https:\/\/encuentroinformativo.com.mx\/index.php?rest_route=%2Fwp%2Fv2%2Fcomments&post=69810"}],"version-history":[{"count":1,"href":"https:\/\/encuentroinformativo.com.mx\/index.php?rest_route=\/wp\/v2\/posts\/69810\/revisions"}],"predecessor-version":[{"id":69812,"href":"https:\/\/encuentroinformativo.com.mx\/index.php?rest_route=\/wp\/v2\/posts\/69810\/revisions\/69812"}],"wp:featuredmedia":[{"embeddable":true,"href":"https:\/\/encuentroinformativo.com.mx\/index.php?rest_route=\/wp\/v2\/media\/69811"}],"wp:attachment":[{"href":"https:\/\/encuentroinformativo.com.mx\/index.php?rest_route=%2Fwp%2Fv2%2Fmedia&parent=69810"}],"wp:term":[{"taxonomy":"category","embeddable":true,"href":"https:\/\/encuentroinformativo.com.mx\/index.php?rest_route=%2Fwp%2Fv2%2Fcategories&post=69810"},{"taxonomy":"post_tag","embeddable":true,"href":"https:\/\/encuentroinformativo.com.mx\/index.php?rest_route=%2Fwp%2Fv2%2Ftags&post=69810"}],"curies":[{"name":"wp","href":"https:\/\/api.w.org\/{rel}","templated":true}]}}