{"id":69814,"date":"2025-08-05T13:53:47","date_gmt":"2025-08-05T19:53:47","guid":{"rendered":"https:\/\/encuentroinformativo.com.mx\/?p=69814"},"modified":"2025-08-05T13:53:47","modified_gmt":"2025-08-05T19:53:47","slug":"se-debe-revisar-el-sistema-penitenciario-en-veracruz-pt","status":"publish","type":"post","link":"https:\/\/encuentroinformativo.com.mx\/?p=69814","title":{"rendered":"Se debe revisar el sistema penitenciario en Veracruz: PT"},"content":{"rendered":"<p><strong>Dar\u00edo Pale<\/strong><\/p>\n<p>Xalapa, Ver.- El coordinador de la Comisi\u00f3n Ejecutiva Estatal del Partido del Trabajo, Vicente Aguilar Aguilar dijo que ante los hechos registrados en el penal de Tuxpan, reconocen que la gobernadora Norma Roc\u00edo Nahle haya salido a dar la cara con determinaci\u00f3n, asumiendo el momento con responsabilidad.<\/p>\n<p>En conferencia de prensa se\u00f1al\u00f3 que, &#8220;desde el Partido del Trabajo consideramos que este suceso obliga a una revisi\u00f3n a fondo del sistema penitenciario en Veracruz. La seguridad no puede depender de impulso, sino de una coordinaci\u00f3n real y permanente entre todas las instancias. Se requiere claridad en el mando, firmeza en la estrategia y voluntad de corregir lo que no ha funcionado. El estado necesita instituciones que no s\u00f3lo reaccionen, sino que prevengan con inteligencia orden&#8221;.<\/p>\n<p>En otro contexto, coment\u00f3 que su partido ve con preocupaci\u00f3n que funcionarios del gabinete federal visiten el Estado para supervisar obras de infraestructura, pero, no se reportan con la gobernadora Roc\u00edo Nahle, para demostrar que se trabaja de manera conjunta.<\/p>\n<p>&#8220;No puede enviarse se\u00f1ales equivocadas o que puedan malinterpretarse. La oposici\u00f3n observa y este tipo de conductas alimenta su perversidad&#8221;, dijo.<\/p>\n<p>Asimismo, indic\u00f3 que la gobernadora ha dado el banderazo para la rehabilitaci\u00f3n de carreteras en el norte de Veracruz, son cuatro tramos importantes:<\/p>\n<p>1.- San Sebasti\u00e1n-Chicontepec<br \/>\n2.- Tantoyuca-Tepetzintla<br \/>\n3.- Tantoyuca-Tempoal y, Tempoal-Plat\u00f3n S\u00e1nchez.<\/p>\n<p>Vicente Aguilar manifest\u00f3 que el PT percibe la oportunidad de que el tramo carretero que comunica a Actopan y Alto Lucero con Xalapa, debiera ser prioridad para el gobierno local y para el ayuntamiento de Xalapa.<\/p>\n<p>&#8220;Existe demasiada anarqu\u00eda desde la Avenida L\u00e1zaro C\u00e1rdenas hasta pasar la Congregaci\u00f3n del Castillo. Siendo una v\u00eda de acceso a la capital tiene que estar en perfectas condiciones a efecto de evitar tantos accidentes. El presidente municipal no puede ser omiso a esta responsabilidad&#8221;, fustig\u00f3.<\/p>\n<p>Con respecto al proceso electoral pasado, se\u00f1al\u00f3 que se observa ya el inicio del avance de los recursos interpuestos ante el Tribunal Electoral de Veracruz (TEV).<\/p>\n<p>&#8220;Recordemos que la prioridad era resolver primero los referentes al Poder Judicial del Estado, toda vez que, los magistrados electos y jueces inician su cargo el primero de septiembre pr\u00f3ximo. En cuanto a las inconformidades interpuestas por el PT estaremos pendientes y defenderemos ante todas las instancias nuestros triunfos, asi como haremos valer los derechos violentados en procesos plenos de ilegalidad, incertidumbre y parcialidad&#8221;, refiri\u00f3.<\/p>\n<p>Por \u00faltimo, Vicente Aguilar Aguilar expuso que en el proceso interno de su partido llevan un avance de m\u00e1s del 50% en la renovaci\u00f3n de la estructura municipal.<\/p>\n<p>&#8220;Se est\u00e1 llevando a cabo con la participaci\u00f3n de comisionados especiales que coadyuvan a la Coordinaci\u00f3n Estatal en esta tarea. La unidad es un valor pol\u00edtico que se impulsa en nuestras bases para fortalecer el crecimiento del PT. Todos los nuevos l\u00edderes caben en las Comisiones Ejecutivas Municipales&#8221;, finaliz\u00f3.<\/p>\n","protected":false},"excerpt":{"rendered":"<p>Dar\u00edo Pale Xalapa, Ver.- El coordinador de la Comisi\u00f3n Ejecutiva Estatal del Partido del Trabajo, Vicente Aguilar Aguilar dijo que ante los hechos registrados en el penal de Tuxpan, reconocen que la gobernadora Norma Roc\u00edo Nahle haya salido a dar la cara con determinaci\u00f3n, asumiendo el momento con responsabilidad. En conferencia de prensa se\u00f1al\u00f3 que, [&hellip;]<\/p>\n","protected":false},"author":2476,"featured_media":69815,"comment_status":"open","ping_status":"open","sticky":false,"template":"","format":"standard","meta":{"_jetpack_memberships_contains_paid_content":false,"footnotes":""},"categories":[2],"tags":[],"class_list":["post-69814","post","type-post","status-publish","format-standard","has-post-thumbnail","hentry","category-estado"],"jetpack_featured_media_url":"https:\/\/encuentroinformativo.com.mx\/wp-content\/uploads\/2025\/08\/IMG-20250805-WA0122.jpg","jetpack_sharing_enabled":true,"jetpack_likes_enabled":true,"amp_enabled":true,"_links":{"self":[{"href":"https:\/\/encuentroinformativo.com.mx\/index.php?rest_route=\/wp\/v2\/posts\/69814","targetHints":{"allow":["GET"]}}],"collection":[{"href":"https:\/\/encuentroinformativo.com.mx\/index.php?rest_route=\/wp\/v2\/posts"}],"about":[{"href":"https:\/\/encuentroinformativo.com.mx\/index.php?rest_route=\/wp\/v2\/types\/post"}],"author":[{"embeddable":true,"href":"https:\/\/encuentroinformativo.com.mx\/index.php?rest_route=\/wp\/v2\/users\/2476"}],"replies":[{"embeddable":true,"href":"https:\/\/encuentroinformativo.com.mx\/index.php?rest_route=%2Fwp%2Fv2%2Fcomments&post=69814"}],"version-history":[{"count":1,"href":"https:\/\/encuentroinformativo.com.mx\/index.php?rest_route=\/wp\/v2\/posts\/69814\/revisions"}],"predecessor-version":[{"id":69816,"href":"https:\/\/encuentroinformativo.com.mx\/index.php?rest_route=\/wp\/v2\/posts\/69814\/revisions\/69816"}],"wp:featuredmedia":[{"embeddable":true,"href":"https:\/\/encuentroinformativo.com.mx\/index.php?rest_route=\/wp\/v2\/media\/69815"}],"wp:attachment":[{"href":"https:\/\/encuentroinformativo.com.mx\/index.php?rest_route=%2Fwp%2Fv2%2Fmedia&parent=69814"}],"wp:term":[{"taxonomy":"category","embeddable":true,"href":"https:\/\/encuentroinformativo.com.mx\/index.php?rest_route=%2Fwp%2Fv2%2Fcategories&post=69814"},{"taxonomy":"post_tag","embeddable":true,"href":"https:\/\/encuentroinformativo.com.mx\/index.php?rest_route=%2Fwp%2Fv2%2Ftags&post=69814"}],"curies":[{"name":"wp","href":"https:\/\/api.w.org\/{rel}","templated":true}]}}