{"id":69820,"date":"2025-08-05T15:15:28","date_gmt":"2025-08-05T21:15:28","guid":{"rendered":"https:\/\/encuentroinformativo.com.mx\/?p=69820"},"modified":"2025-08-05T15:15:28","modified_gmt":"2025-08-05T21:15:28","slug":"refuerza-guardia-nacional-presencia-en-zona-norte-de-veracruz","status":"publish","type":"post","link":"https:\/\/encuentroinformativo.com.mx\/?p=69820","title":{"rendered":"Refuerza Guardia Nacional presencia en zona norte de Veracruz"},"content":{"rendered":"<p><strong>Dar\u00edo Pale<\/strong><\/p>\n<p>Xalapa, Ver.- La gobernadora Norma Roc\u00edo Nahle Garc\u00eda, inform\u00f3 que 300 elementos de la Guardia Nacional resguardar\u00e1n la zona norte del estado, luego de los hechos violentos que se han registrado en estos d\u00edas, y la FGE informar\u00e1 de los hechos que se registraron en esa regi\u00f3n del estado.<\/p>\n<p>En conferencia de prensa se\u00f1al\u00f3 que, \u201choy llegaron 300 elementos de la Guardia Nacional, 80 de Marina, porque tenemos una comunicaci\u00f3n permanente con la Secretar\u00eda de Seguridad Federal, tenemos comunicaci\u00f3n permanente con el secretario Omar Garc\u00eda Harfouch y hoy lleg\u00f3 un refuerzo importante a la zona norte, entonces, vamos a esperar\u201d.<\/p>\n<p>\u201cLas narrativas oficiales salen en las p\u00e1ginas del gobierno de Veracruz, o en mis p\u00e1ginas, o en las p\u00e1ginas de los secretarios, pero yo en eso no me leo\u201d, se\u00f1al\u00f3.<\/p>\n<p>Cabe mencionar que en d\u00edas pasados, se registr\u00f3 un mot\u00edn en el penal de Tuxpan y se dejaron cuerpos en la carretera de Poza Rica.<\/p>\n<p>En otro orden de ideas, la gobernadora Nahle Garc\u00eda, precis\u00f3 que ser\u00e1 la Fiscal general del estado, Ver\u00f3nica Hern\u00e1ndez Giadans, la que informe sobre la situaci\u00f3n de seguridad en la zona norte espec\u00edficamente en Tuxpan y Poza Rica el pr\u00f3ximo viernes.<\/p>\n<p>Evit\u00f3 responder a los cuestionamientos sobre los recientes hechos de inseguridad, &#8220;es parte de todo lo que va a reportar la Fiscal\u00eda general del estado&#8221;.<\/p>\n<p>Explic\u00f3 que Hern\u00e1ndez Giadans, cuenta con la informaci\u00f3n sobre el tema de seguridad y ser\u00e1 el pr\u00f3ximo viernes cuando est\u00e9n informando sobre los hechos en la zona norte del estado.<\/p>\n<p>Cabe mencionar que la Fiscal\u00eda General del Estado (FGE) de Veracruz abri\u00f3 una investigaci\u00f3n tras el hallazgo de restos humanos abandonados sobre la carretera Poza Rica-Cazones, a la altura de la localidad Palmito, en el municipio de Papantla.<\/p>\n<p>Los hechos ocurrieron el lunes 4 de julio y, de acuerdo con las primeras diligencias, se trat\u00f3 del abandono de elementos anat\u00f3micos humanos en plena v\u00eda p\u00fablica, lo que activ\u00f3 un despliegue policiaco en la zona.<\/p>\n","protected":false},"excerpt":{"rendered":"<p>Dar\u00edo Pale Xalapa, Ver.- La gobernadora Norma Roc\u00edo Nahle Garc\u00eda, inform\u00f3 que 300 elementos de la Guardia Nacional resguardar\u00e1n la zona norte del estado, luego de los hechos violentos que se han registrado en estos d\u00edas, y la FGE informar\u00e1 de los hechos que se registraron en esa regi\u00f3n del estado. En conferencia de prensa [&hellip;]<\/p>\n","protected":false},"author":2476,"featured_media":69821,"comment_status":"open","ping_status":"open","sticky":false,"template":"","format":"standard","meta":{"_jetpack_memberships_contains_paid_content":false,"footnotes":""},"categories":[2],"tags":[],"class_list":["post-69820","post","type-post","status-publish","format-standard","has-post-thumbnail","hentry","category-estado"],"jetpack_featured_media_url":"https:\/\/encuentroinformativo.com.mx\/wp-content\/uploads\/2025\/08\/IMG-20250805-WA01612.jpg","jetpack_sharing_enabled":true,"jetpack_likes_enabled":true,"amp_enabled":true,"_links":{"self":[{"href":"https:\/\/encuentroinformativo.com.mx\/index.php?rest_route=\/wp\/v2\/posts\/69820","targetHints":{"allow":["GET"]}}],"collection":[{"href":"https:\/\/encuentroinformativo.com.mx\/index.php?rest_route=\/wp\/v2\/posts"}],"about":[{"href":"https:\/\/encuentroinformativo.com.mx\/index.php?rest_route=\/wp\/v2\/types\/post"}],"author":[{"embeddable":true,"href":"https:\/\/encuentroinformativo.com.mx\/index.php?rest_route=\/wp\/v2\/users\/2476"}],"replies":[{"embeddable":true,"href":"https:\/\/encuentroinformativo.com.mx\/index.php?rest_route=%2Fwp%2Fv2%2Fcomments&post=69820"}],"version-history":[{"count":1,"href":"https:\/\/encuentroinformativo.com.mx\/index.php?rest_route=\/wp\/v2\/posts\/69820\/revisions"}],"predecessor-version":[{"id":69822,"href":"https:\/\/encuentroinformativo.com.mx\/index.php?rest_route=\/wp\/v2\/posts\/69820\/revisions\/69822"}],"wp:featuredmedia":[{"embeddable":true,"href":"https:\/\/encuentroinformativo.com.mx\/index.php?rest_route=\/wp\/v2\/media\/69821"}],"wp:attachment":[{"href":"https:\/\/encuentroinformativo.com.mx\/index.php?rest_route=%2Fwp%2Fv2%2Fmedia&parent=69820"}],"wp:term":[{"taxonomy":"category","embeddable":true,"href":"https:\/\/encuentroinformativo.com.mx\/index.php?rest_route=%2Fwp%2Fv2%2Fcategories&post=69820"},{"taxonomy":"post_tag","embeddable":true,"href":"https:\/\/encuentroinformativo.com.mx\/index.php?rest_route=%2Fwp%2Fv2%2Ftags&post=69820"}],"curies":[{"name":"wp","href":"https:\/\/api.w.org\/{rel}","templated":true}]}}