{"id":6983,"date":"2020-10-16T13:20:56","date_gmt":"2020-10-16T18:20:56","guid":{"rendered":"https:\/\/encuentroinformativo.com.mx\/?p=6983"},"modified":"2020-10-16T13:21:27","modified_gmt":"2020-10-16T18:21:27","slug":"en-el-puerto-permaneceran-cerrados-panteones-por-todos-santos","status":"publish","type":"post","link":"https:\/\/encuentroinformativo.com.mx\/?p=6983","title":{"rendered":"En el puerto, permanecer\u00e1n cerrados panteones por Todos Santos"},"content":{"rendered":"\n<p><strong>Alejandro \u00c1vila<\/strong><br><br>Veracruz, Ver.- La restricci\u00f3n total en los ingresos a los tres panteones que hay en la ciudad de Veracruz por la pandemia de COVID-19 contin\u00faa y aunque existe una tradici\u00f3n de visitar a los difuntos durante el 1 y 2 de noviembre por el \u201cD\u00eda de Muertos\u201d, estos espacios permanecer\u00e1n cerrados.<\/p>\n\n\n\n<p>Mar\u00eda del Rosario Vera Vela, regidora con la comisi\u00f3n de panteones, dijo que se determin\u00f3 esta acci\u00f3n, pues en \u201cD\u00eda de Muertos\u201d se han registrado m\u00e1s de 100 mil personas circulando durante todo el d\u00eda en los tres espacios.<\/p>\n\n\n\n<p>&#8220;A\u00fan no se ha levantado la contingencia, continuar\u00e1n cerrados el pante\u00f3n Jard\u00edn, el municipal y el particular (\u2026) son 100 mil personas circulando aproximadamente en los panteones, entonces esto no es posible (\u2026) adem\u00e1s, los panteones solo tienen un solo acceso, imag\u00ednate que est\u00e9 entrando la gente y en ese momento tambi\u00e9n est\u00e9 entrando una exhumaci\u00f3n por COVID, no es posible&#8221;, apunt\u00f3.<\/p>\n\n\n\n<p>Si bien reconoce que habr\u00e1 gente que no quiera acatar esta medida y acudir\u00e1 para intentar ver a sus difuntos, se ha implementado con la Secretar\u00eda de Seguridad P\u00fablica del Estado de Veracruz, un operativo para resguardar el ingreso a estos lugares.<\/p>\n\n\n\n<p>&#8220;El operativo estar\u00e1 desde una semana antes porque las personas suelen acercarse antes de las fechas de los fieles difuntos, pero no es posible que puedan entrar. El operativo est\u00e1 a cargo de la Polic\u00eda Naval, Tr\u00e1nsito Municipal, Protecci\u00f3n Civil y la direcci\u00f3n de Comercio y Gobernaci\u00f3n&#8221;, detall\u00f3.<\/p>\n\n\n\n<p>Finalmente, coment\u00f3 que la poblaci\u00f3n debe estar tranquila, pues todas las tumbas en los tres panteones est\u00e1n totalmente limpias, ya que se limpian peri\u00f3dicamente, tras un acuerdo al que llegaron el Ayuntamiento y los administradores de los recintos, a fin de garantizar a la poblaci\u00f3n que la zona donde descansan sus fieles difuntos se mantiene en buenas condiciones.<\/p>\n","protected":false},"excerpt":{"rendered":"<p>Alejandro \u00c1vila Veracruz, Ver.- La restricci\u00f3n total en los ingresos a los tres panteones que hay en la ciudad de Veracruz por la pandemia de COVID-19 contin\u00faa y aunque existe una tradici\u00f3n de visitar a los difuntos durante el 1 y 2 de noviembre por el \u201cD\u00eda de Muertos\u201d, estos espacios permanecer\u00e1n cerrados. Mar\u00eda del [&hellip;]<\/p>\n","protected":false},"author":1,"featured_media":6984,"comment_status":"open","ping_status":"open","sticky":false,"template":"","format":"standard","meta":{"_jetpack_memberships_contains_paid_content":false,"footnotes":""},"categories":[2],"tags":[],"class_list":["post-6983","post","type-post","status-publish","format-standard","has-post-thumbnail","hentry","category-estado"],"jetpack_featured_media_url":"https:\/\/encuentroinformativo.com.mx\/wp-content\/uploads\/2020\/10\/3A7CED20-AD8E-443D-8572-780435D9F905.jpeg","jetpack_sharing_enabled":true,"jetpack_likes_enabled":true,"amp_enabled":true,"_links":{"self":[{"href":"https:\/\/encuentroinformativo.com.mx\/index.php?rest_route=\/wp\/v2\/posts\/6983","targetHints":{"allow":["GET"]}}],"collection":[{"href":"https:\/\/encuentroinformativo.com.mx\/index.php?rest_route=\/wp\/v2\/posts"}],"about":[{"href":"https:\/\/encuentroinformativo.com.mx\/index.php?rest_route=\/wp\/v2\/types\/post"}],"author":[{"embeddable":true,"href":"https:\/\/encuentroinformativo.com.mx\/index.php?rest_route=\/wp\/v2\/users\/1"}],"replies":[{"embeddable":true,"href":"https:\/\/encuentroinformativo.com.mx\/index.php?rest_route=%2Fwp%2Fv2%2Fcomments&post=6983"}],"version-history":[{"count":1,"href":"https:\/\/encuentroinformativo.com.mx\/index.php?rest_route=\/wp\/v2\/posts\/6983\/revisions"}],"predecessor-version":[{"id":6985,"href":"https:\/\/encuentroinformativo.com.mx\/index.php?rest_route=\/wp\/v2\/posts\/6983\/revisions\/6985"}],"wp:featuredmedia":[{"embeddable":true,"href":"https:\/\/encuentroinformativo.com.mx\/index.php?rest_route=\/wp\/v2\/media\/6984"}],"wp:attachment":[{"href":"https:\/\/encuentroinformativo.com.mx\/index.php?rest_route=%2Fwp%2Fv2%2Fmedia&parent=6983"}],"wp:term":[{"taxonomy":"category","embeddable":true,"href":"https:\/\/encuentroinformativo.com.mx\/index.php?rest_route=%2Fwp%2Fv2%2Fcategories&post=6983"},{"taxonomy":"post_tag","embeddable":true,"href":"https:\/\/encuentroinformativo.com.mx\/index.php?rest_route=%2Fwp%2Fv2%2Ftags&post=6983"}],"curies":[{"name":"wp","href":"https:\/\/api.w.org\/{rel}","templated":true}]}}