{"id":69834,"date":"2025-08-06T09:48:26","date_gmt":"2025-08-06T15:48:26","guid":{"rendered":"https:\/\/encuentroinformativo.com.mx\/?p=69834"},"modified":"2025-08-06T09:48:26","modified_gmt":"2025-08-06T15:48:26","slug":"quien-por-la-mesa-directiva","status":"publish","type":"post","link":"https:\/\/encuentroinformativo.com.mx\/?p=69834","title":{"rendered":"QUI\u00c9N POR LA MESA DIRECTIVA"},"content":{"rendered":"<p dir=\"ltr\"><strong>Los Pol\u00edticos\u00a0<\/strong><\/p>\n<p dir=\"ltr\"><strong>Salvador Mu\u00f1oz<\/strong><\/p>\n<p dir=\"ltr\">A nada de iniciar el Segundo A\u00f1o de Ejercicio Constitucional en la LXVII Legislatura del Congreso local, igual se viene la renovaci\u00f3n de la Mesa Directiva, encabezada hasta el momento por Tanya Carola Viveros Ch\u00e1zaro, secundada por su tocaya con I, Tania Cruz Mej\u00eda y el perote\u00f1o cuenque\u00f1o, Felipe Pineda Barradas como secretario.<\/p>\n<p dir=\"ltr\">Si la inercia no falla ni tampoco la tendencia de Ellas al Poder, es posible que en la Presidencia de la Mesa Directiva sea una Mujer la que la encabece.<\/p>\n<p dir=\"ltr\">El asunto es, entre tantas morenas (excluidas las que del PVEM y del PT se pasaron a Morena), qui\u00e9n podr\u00eda llegar a la Mesa Directiva. F\u00e1cil, sobran quienes alzan la mano y a las que postulan, como por ejemplo, la primera, Bertha La Gorda Ahued.<\/p>\n<p dir=\"ltr\">\u00bfPor qu\u00e9?<\/p>\n<p dir=\"ltr\">Hay en el imaginario, que de cierto modo, ser\u00eda una forma de \u201cpremio de consolaci\u00f3n\u201d tras la derrota en Boca del R\u00edo\u2026 aunque despu\u00e9s de Tanya Carola, hay los que opinan que se trata de darle fortaleza a ese cargo con presencia, pero tambi\u00e9n conocimiento y tablas.<\/p>\n<p dir=\"ltr\">El Papantla Power no ve con malos ojos a Miriam Garc\u00eda Guzm\u00e1n y mucho menos el subsecretario de Sefiplan, Eric Dom\u00ednguez V\u00e1zquez\u2026 lamentablemente los \u00faltimos acontecimientos que lo han hecho blanco de varios se\u00f1alamientos serios, sean reales o falsos, poco ayudan para que ayude a la Se\u00f1ora.<\/p>\n<p dir=\"ltr\">La vicecoordinadora de la fracci\u00f3n legislativa de Morena es quiz\u00e1s la opci\u00f3n m\u00e1s fresca que se tiene en el imaginario de la bancada. No se dejen enga\u00f1ar por su juventud (que no ha de llegar a los 33), la joven Naomi G\u00f3mez Santos si estuvi\u00e9ramos en la escuela es la cl\u00e1sica \u201cMatadita\u201d&#8230; si hay una diputada que se mete a estudiar los asuntos legislativos del d\u00eda, desde que llega hasta que se va, es ella. No gusta del chachalaqueo. Se concentra en su labor y hasta el mismo Jucopo Esteban Bautista Hern\u00e1ndez la ha considerado uno de los pilares en los que se apoya para su trabajo. Vamos, Naomi, a pesar de ser de Izquierda, sabe de Derecho.<\/p>\n<p dir=\"ltr\">\u00bfY la ha o\u00eddo en Tribuna? \u00a1Hijos! \u00a1De lo mejor que tiene Morena!<\/p>\n<p dir=\"ltr\">Ahora, si la fracci\u00f3n legislativa de Morena va a apostar por un ariete s\u00f3lido, por una mujer, por alguien que sepa del asunto legislativo y a la vez, tenga el tama\u00f1o para tomar el micr\u00f3fono de ser necesario, no tiene mucho que buscarle\u2026 Naomi G\u00f3mez Santos bien podr\u00eda ser la presidenta de la Mesa Directiva que requiere la LXVII Legislatura.<\/p>\n","protected":false},"excerpt":{"rendered":"<p>Los Pol\u00edticos\u00a0 Salvador Mu\u00f1oz A nada de iniciar el Segundo A\u00f1o de Ejercicio Constitucional en la LXVII Legislatura del Congreso local, igual se viene la renovaci\u00f3n de la Mesa Directiva, encabezada hasta el momento por Tanya Carola Viveros Ch\u00e1zaro, secundada por su tocaya con I, Tania Cruz Mej\u00eda y el perote\u00f1o cuenque\u00f1o, Felipe Pineda Barradas [&hellip;]<\/p>\n","protected":false},"author":2476,"featured_media":387,"comment_status":"open","ping_status":"open","sticky":false,"template":"","format":"standard","meta":{"_jetpack_memberships_contains_paid_content":false,"footnotes":""},"categories":[11],"tags":[],"class_list":["post-69834","post","type-post","status-publish","format-standard","has-post-thumbnail","hentry","category-opinion"],"jetpack_featured_media_url":"https:\/\/encuentroinformativo.com.mx\/wp-content\/uploads\/2020\/03\/7CF8A22B-2764-47BE-8F7F-38FE9E5D6A2F.jpeg","jetpack_sharing_enabled":true,"jetpack_likes_enabled":true,"amp_enabled":true,"_links":{"self":[{"href":"https:\/\/encuentroinformativo.com.mx\/index.php?rest_route=\/wp\/v2\/posts\/69834","targetHints":{"allow":["GET"]}}],"collection":[{"href":"https:\/\/encuentroinformativo.com.mx\/index.php?rest_route=\/wp\/v2\/posts"}],"about":[{"href":"https:\/\/encuentroinformativo.com.mx\/index.php?rest_route=\/wp\/v2\/types\/post"}],"author":[{"embeddable":true,"href":"https:\/\/encuentroinformativo.com.mx\/index.php?rest_route=\/wp\/v2\/users\/2476"}],"replies":[{"embeddable":true,"href":"https:\/\/encuentroinformativo.com.mx\/index.php?rest_route=%2Fwp%2Fv2%2Fcomments&post=69834"}],"version-history":[{"count":1,"href":"https:\/\/encuentroinformativo.com.mx\/index.php?rest_route=\/wp\/v2\/posts\/69834\/revisions"}],"predecessor-version":[{"id":69835,"href":"https:\/\/encuentroinformativo.com.mx\/index.php?rest_route=\/wp\/v2\/posts\/69834\/revisions\/69835"}],"wp:featuredmedia":[{"embeddable":true,"href":"https:\/\/encuentroinformativo.com.mx\/index.php?rest_route=\/wp\/v2\/media\/387"}],"wp:attachment":[{"href":"https:\/\/encuentroinformativo.com.mx\/index.php?rest_route=%2Fwp%2Fv2%2Fmedia&parent=69834"}],"wp:term":[{"taxonomy":"category","embeddable":true,"href":"https:\/\/encuentroinformativo.com.mx\/index.php?rest_route=%2Fwp%2Fv2%2Fcategories&post=69834"},{"taxonomy":"post_tag","embeddable":true,"href":"https:\/\/encuentroinformativo.com.mx\/index.php?rest_route=%2Fwp%2Fv2%2Ftags&post=69834"}],"curies":[{"name":"wp","href":"https:\/\/api.w.org\/{rel}","templated":true}]}}