{"id":69836,"date":"2025-08-06T10:31:15","date_gmt":"2025-08-06T16:31:15","guid":{"rendered":"https:\/\/encuentroinformativo.com.mx\/?p=69836"},"modified":"2025-08-06T10:31:15","modified_gmt":"2025-08-06T16:31:15","slug":"mantienen-alerta-en-el-sur-de-veracruz-por-creciente-del-rio-coatzacoalcos","status":"publish","type":"post","link":"https:\/\/encuentroinformativo.com.mx\/?p=69836","title":{"rendered":"Mantienen alerta en el sur de Veracruz por creciente del r\u00edo Coatzacoalcos"},"content":{"rendered":"<p><strong>Jos\u00e9 Vargas<\/strong><\/p>\n<p>Jes\u00fas Carranza, Ver.- Autoridades de Protecci\u00f3n Civil han emitido una alerta preventiva en el sur de Veracruz debido al preocupante incremento en el nivel del r\u00edo Coatzacoalcos, cuya creciente pone en riesgo a diversas comunidades ribere\u00f1as.<\/p>\n<p>De acuerdo con el \u00faltimo informe de la Estaci\u00f3n Hidrol\u00f3gica Las Perlas, ubicada en el municipio de Jes\u00fas Carranza, el afluente alcanz\u00f3 la noche del martes un nivel de 5.2 metros, superando el Nivel de Aguas M\u00e1ximas Ordinarias (NAMO) y acerc\u00e1ndose peligrosamente al nivel cr\u00edtico de 6 metros, cuando comienzan los desbordamientos.<\/p>\n<p>El incremento de aproximadamente 2 metros se atribuye a las lluvias intensas que se han registrado en los \u00faltimos d\u00edas en la regi\u00f3n monta\u00f1osa y parte alta de la cuenca. Las autoridades advirtieron que el crecimiento contin\u00faa y no se descarta que en las pr\u00f3ximas horas el r\u00edo rebase su capacidad.<\/p>\n<p>Ante este panorama, se exhorta a la poblaci\u00f3n de las comunidades asentadas a lo largo de la ribera del Coatzacoalcos a mantenerse alerta, extremar precauciones y seguir las indicaciones de las autoridades locales y estatales de Protecci\u00f3n Civil.<\/p>\n<p>En a\u00f1os anteriores, este tramo del r\u00edo ha provocado afectaciones importantes cuando se desborda, especialmente en comunidades como Jes\u00fas Carranza, El Remolino, Suchilapan y San Juan Evangelista, entre otras.<\/p>\n<p>Las autoridades se mantienen en monitoreo permanente y se preparan para activar protocolos de evacuaci\u00f3n preventiva en caso de ser necesario.<\/p>\n<p>Se recomienda a la ciudadan\u00eda estar pendiente de los canales oficiales para recibir informaci\u00f3n actualizada sobre el comportamiento del afluente.<\/p>\n","protected":false},"excerpt":{"rendered":"<p>Jos\u00e9 Vargas Jes\u00fas Carranza, Ver.- Autoridades de Protecci\u00f3n Civil han emitido una alerta preventiva en el sur de Veracruz debido al preocupante incremento en el nivel del r\u00edo Coatzacoalcos, cuya creciente pone en riesgo a diversas comunidades ribere\u00f1as. De acuerdo con el \u00faltimo informe de la Estaci\u00f3n Hidrol\u00f3gica Las Perlas, ubicada en el municipio de [&hellip;]<\/p>\n","protected":false},"author":2476,"featured_media":69837,"comment_status":"open","ping_status":"open","sticky":false,"template":"","format":"standard","meta":{"_jetpack_memberships_contains_paid_content":false,"footnotes":""},"categories":[2],"tags":[],"class_list":["post-69836","post","type-post","status-publish","format-standard","has-post-thumbnail","hentry","category-estado"],"jetpack_featured_media_url":"https:\/\/encuentroinformativo.com.mx\/wp-content\/uploads\/2025\/08\/IMG-20250806-WA00072.jpg","jetpack_sharing_enabled":true,"jetpack_likes_enabled":true,"amp_enabled":true,"_links":{"self":[{"href":"https:\/\/encuentroinformativo.com.mx\/index.php?rest_route=\/wp\/v2\/posts\/69836","targetHints":{"allow":["GET"]}}],"collection":[{"href":"https:\/\/encuentroinformativo.com.mx\/index.php?rest_route=\/wp\/v2\/posts"}],"about":[{"href":"https:\/\/encuentroinformativo.com.mx\/index.php?rest_route=\/wp\/v2\/types\/post"}],"author":[{"embeddable":true,"href":"https:\/\/encuentroinformativo.com.mx\/index.php?rest_route=\/wp\/v2\/users\/2476"}],"replies":[{"embeddable":true,"href":"https:\/\/encuentroinformativo.com.mx\/index.php?rest_route=%2Fwp%2Fv2%2Fcomments&post=69836"}],"version-history":[{"count":1,"href":"https:\/\/encuentroinformativo.com.mx\/index.php?rest_route=\/wp\/v2\/posts\/69836\/revisions"}],"predecessor-version":[{"id":69838,"href":"https:\/\/encuentroinformativo.com.mx\/index.php?rest_route=\/wp\/v2\/posts\/69836\/revisions\/69838"}],"wp:featuredmedia":[{"embeddable":true,"href":"https:\/\/encuentroinformativo.com.mx\/index.php?rest_route=\/wp\/v2\/media\/69837"}],"wp:attachment":[{"href":"https:\/\/encuentroinformativo.com.mx\/index.php?rest_route=%2Fwp%2Fv2%2Fmedia&parent=69836"}],"wp:term":[{"taxonomy":"category","embeddable":true,"href":"https:\/\/encuentroinformativo.com.mx\/index.php?rest_route=%2Fwp%2Fv2%2Fcategories&post=69836"},{"taxonomy":"post_tag","embeddable":true,"href":"https:\/\/encuentroinformativo.com.mx\/index.php?rest_route=%2Fwp%2Fv2%2Ftags&post=69836"}],"curies":[{"name":"wp","href":"https:\/\/api.w.org\/{rel}","templated":true}]}}