{"id":69839,"date":"2025-08-06T12:16:16","date_gmt":"2025-08-06T18:16:16","guid":{"rendered":"https:\/\/encuentroinformativo.com.mx\/?p=69839"},"modified":"2025-08-06T12:16:16","modified_gmt":"2025-08-06T18:16:16","slug":"reportan-afectaciones-por-lluvias-en-sayula-de-aleman","status":"publish","type":"post","link":"https:\/\/encuentroinformativo.com.mx\/?p=69839","title":{"rendered":"Reportan afectaciones por lluvias en Sayula de Alem\u00e1n"},"content":{"rendered":"<p><strong>Dar\u00edo Pale<\/strong><\/p>\n<p>Xalapa, Ver.- Debido a las fuertes lluvias que se registraron durante la noche de este martes y la madrugada del mi\u00e9rcoles en la localidad y ejido El Juile del municipio de Sayula de Alem\u00e1n se vio afectada ya que se inundaron las calles y algunas casas.<\/p>\n<p>Habitantes del ejido El Juile resultaron afectados por las fuertes lluvias que se registraron durante la noche y la madrugada de este d\u00eda, las calles se inundaron por lo que algunas personas se trasladaban a bordo de tractores para poder cubrir sus actividades cotidianas.<\/p>\n<p>Tambi\u00e9n se vieron afectadas las v\u00edas del tren ya que se deslav\u00f3 el balasto lo cual dej\u00f3 volando los durmientes de la v\u00eda, esto podr\u00eda ocasionar un descarrilamiento del ferrocarril, por lo cual alertan a los encargados de las v\u00edas f\u00e9rreas para que tomen precauciones.<\/p>\n<p>Los habitantes se\u00f1alan que hasta el momento ninguna autoridad de protecci\u00f3n civil ha atendido esta y dem\u00e1s afectaciones registradas en la regi\u00f3n.<\/p>\n<p>Por \u00faltimo comentaron que elementos de la Secretar\u00eda de Seguridad P\u00fablica (SSP), llegaron solo a la entrada del pueblo y posteriormente se retiraron del lugar sin entrar a verificar los da\u00f1os que ocasionaron las lluvias.<\/p>\n","protected":false},"excerpt":{"rendered":"<p>Dar\u00edo Pale Xalapa, Ver.- Debido a las fuertes lluvias que se registraron durante la noche de este martes y la madrugada del mi\u00e9rcoles en la localidad y ejido El Juile del municipio de Sayula de Alem\u00e1n se vio afectada ya que se inundaron las calles y algunas casas. Habitantes del ejido El Juile resultaron afectados [&hellip;]<\/p>\n","protected":false},"author":2476,"featured_media":69840,"comment_status":"open","ping_status":"open","sticky":false,"template":"","format":"standard","meta":{"_jetpack_memberships_contains_paid_content":false,"footnotes":""},"categories":[2],"tags":[],"class_list":["post-69839","post","type-post","status-publish","format-standard","has-post-thumbnail","hentry","category-estado"],"jetpack_featured_media_url":"https:\/\/encuentroinformativo.com.mx\/wp-content\/uploads\/2025\/08\/IMG-20250806-WA0214.jpg","jetpack_sharing_enabled":true,"jetpack_likes_enabled":true,"amp_enabled":true,"_links":{"self":[{"href":"https:\/\/encuentroinformativo.com.mx\/index.php?rest_route=\/wp\/v2\/posts\/69839","targetHints":{"allow":["GET"]}}],"collection":[{"href":"https:\/\/encuentroinformativo.com.mx\/index.php?rest_route=\/wp\/v2\/posts"}],"about":[{"href":"https:\/\/encuentroinformativo.com.mx\/index.php?rest_route=\/wp\/v2\/types\/post"}],"author":[{"embeddable":true,"href":"https:\/\/encuentroinformativo.com.mx\/index.php?rest_route=\/wp\/v2\/users\/2476"}],"replies":[{"embeddable":true,"href":"https:\/\/encuentroinformativo.com.mx\/index.php?rest_route=%2Fwp%2Fv2%2Fcomments&post=69839"}],"version-history":[{"count":1,"href":"https:\/\/encuentroinformativo.com.mx\/index.php?rest_route=\/wp\/v2\/posts\/69839\/revisions"}],"predecessor-version":[{"id":69841,"href":"https:\/\/encuentroinformativo.com.mx\/index.php?rest_route=\/wp\/v2\/posts\/69839\/revisions\/69841"}],"wp:featuredmedia":[{"embeddable":true,"href":"https:\/\/encuentroinformativo.com.mx\/index.php?rest_route=\/wp\/v2\/media\/69840"}],"wp:attachment":[{"href":"https:\/\/encuentroinformativo.com.mx\/index.php?rest_route=%2Fwp%2Fv2%2Fmedia&parent=69839"}],"wp:term":[{"taxonomy":"category","embeddable":true,"href":"https:\/\/encuentroinformativo.com.mx\/index.php?rest_route=%2Fwp%2Fv2%2Fcategories&post=69839"},{"taxonomy":"post_tag","embeddable":true,"href":"https:\/\/encuentroinformativo.com.mx\/index.php?rest_route=%2Fwp%2Fv2%2Ftags&post=69839"}],"curies":[{"name":"wp","href":"https:\/\/api.w.org\/{rel}","templated":true}]}}