{"id":69851,"date":"2025-08-06T14:07:11","date_gmt":"2025-08-06T20:07:11","guid":{"rendered":"https:\/\/encuentroinformativo.com.mx\/?p=69851"},"modified":"2025-08-06T14:07:11","modified_gmt":"2025-08-06T20:07:11","slug":"buscara-diputado-adrian-gonzalez-sumarse-a-dirigencia-del-pt","status":"publish","type":"post","link":"https:\/\/encuentroinformativo.com.mx\/?p=69851","title":{"rendered":"Buscar\u00e1 diputado Adri\u00e1n Gonz\u00e1lez sumarse a dirigencia del PT"},"content":{"rendered":"<p><strong>Dar\u00edo Pale<\/strong><\/p>\n<p>Xalapa, Ver.- El diputado federal, Adri\u00e1n Gonz\u00e1lez Naveda, respald\u00f3 a la gobernadora Norma Roc\u00edo Nahle Garc\u00eda, en enviar a 300 elementos de la Guardia Nacional a la zona norte del estado para reforzar la seguridad, adem\u00e1s de que confirm\u00f3 que busca encabezar o participar en la dirigencia estatal del instituto pol\u00edtico<\/p>\n<p>En conferencia de prensa se\u00f1al\u00f3 que, &#8220;por supuesto que eso ayudar\u00e1 mucho a controlar y ubicar a los generadores de violencia&#8221;.<\/p>\n<p>El legislador federal, precis\u00f3 que desde la pasada administraci\u00f3n estatal se ha controlado la extorsi\u00f3n, precis\u00f3 que ah\u00ed est\u00e1n las cifras que respaldan el trabajo en materia de seguridad.<\/p>\n<p>En otro orden de ideas confirm\u00f3 su intenci\u00f3n de dirigir al PT Veracruz, estim\u00f3 que de aqu\u00ed al 2027 pueden tener un crecimiento exponencial y tienen que estar a la altura de ese reto, no pueden cometer el error de ir a contracorriente, deben incorporar a nuevos cuadros<\/p>\n<p>Para ello se tiene que abrir para fortalecerse, ya que est\u00e1n en el umbral de un proceso hist\u00f3rico para el Partido y la transformaci\u00f3n en general, por lo que, \u201c(alzar\u00eda la mano) para ser parte de la direcci\u00f3n colectiva, claro que s\u00ed, somos varias y varios que estamos en este proceso de construcci\u00f3n de partido y que sabemos que podemos tener participaci\u00f3n en los \u00f3rganos de direcci\u00f3n\u201d.<\/p>\n<p>\u201cEsa es la gran facilidad que existe en nuestro partido de ser incluyente y que exista representatividad, est\u00e1 la Comisi\u00f3n Ejecutiva, la Comisi\u00f3n Coordinadora, seguramente podremos participar en alguna de \u00e9stas\u201d, se\u00f1al\u00f3.<\/p>\n<p>Estim\u00f3 que de aqu\u00ed al 2027 pueden tener un crecimiento exponencial y tienen que estar a la altura de ese reto, por lo que no pueden cometer el error de ir a contracorriente y buscar cerrar el Partido cuando la exigencia popular, ciudadana, de las masas, es abrirlo para que puedan incorporarse todos los liderazgos que hay en todo el Estado, cuidando una proporci\u00f3n regional.<\/p>\n<p>\u201cQue haya gente del norte, del centro, del sur, liderazgos pol\u00edticos que puedan hacer un trabajo pol\u00edtico a lo largo del Estado. Todos estamos en eso, no creo que haya resistencia alguna a ese proceso, el \u00faltimo congreso del Partido fue en el 2020, ya son 5 a\u00f1os, todos los partidos deben tener renovaciones para poderse preparar a las coyunturas espec\u00edficas que se van presentando\u201d, coment\u00f3.<\/p>\n<p>Insisti\u00f3 en que busca representaci\u00f3n en alguna comisi\u00f3n para seguir haciendo trabajo pol\u00edtico, pero aclar\u00f3 que no busca protagonizar ni individualizar ning\u00fan tipo de proceso, \u201cestoy respondiendo al llamado nacional\u201d.<\/p>\n<p>\u201cPor supuesto que muchos compa\u00f1eros que ahorita son dirigentes, seguramente se mantendr\u00e1n en sus \u00f3rganos de direcci\u00f3n y habr\u00e1 otros que entrar\u00e1n o entraremos para un procedimiento que en \u00faltima instancia va a fortalecer mucho a nuestro partido y nos va a preparar para la coyuntura electoral inmediata que es la del 2026\u201d, subray\u00f3.<\/p>\n<p>Gonz\u00e1lez Naveda consider\u00f3 que el m\u00e9rito de aquellos que buscan participar en la renovaci\u00f3n del PT debe ser el trabajo pol\u00edtico territorial y refiri\u00f3 que muchos partidos pol\u00edticos han tenido ese problema al generar vicios y dejan de privilegiar el trabajo pol\u00edtico por lealtades personales que no le representan al instituto pol\u00edtico oportunidades de crecimiento.<\/p>\n<p>\u201cA nosotros en el Partido del Trabajo creemos que es el momento id\u00f3neo, la coyuntura es ideal, la inercia es muy positiva, tenemos mucho apoyo social y ahorita vamos a capitalizar ese apoyo social en estructura pol\u00edtica\u201d, asever\u00f3.<\/p>\n<p>Por \u00faltimo el legislador federal agreg\u00f3 que la exigencia de las masas es que las cosas sean realmente distintas, la gente quiere que en el ejercicio pol\u00edtico se vea una diferencia y como PT est\u00e1n dispuestos a cumplir a ese llamado de las mayor\u00edas, lo cual implica incorporar a cuadros nuevos, cuadros obradoristas.<\/p>\n<p>&nbsp;<\/p>\n","protected":false},"excerpt":{"rendered":"<p>Dar\u00edo Pale Xalapa, Ver.- El diputado federal, Adri\u00e1n Gonz\u00e1lez Naveda, respald\u00f3 a la gobernadora Norma Roc\u00edo Nahle Garc\u00eda, en enviar a 300 elementos de la Guardia Nacional a la zona norte del estado para reforzar la seguridad, adem\u00e1s de que confirm\u00f3 que busca encabezar o participar en la dirigencia estatal del instituto pol\u00edtico En conferencia [&hellip;]<\/p>\n","protected":false},"author":2476,"featured_media":69852,"comment_status":"open","ping_status":"open","sticky":false,"template":"","format":"standard","meta":{"_jetpack_memberships_contains_paid_content":false,"footnotes":""},"categories":[2],"tags":[],"class_list":["post-69851","post","type-post","status-publish","format-standard","has-post-thumbnail","hentry","category-estado"],"jetpack_featured_media_url":"https:\/\/encuentroinformativo.com.mx\/wp-content\/uploads\/2025\/08\/IMG-20250806-WA0279.jpg","jetpack_sharing_enabled":true,"jetpack_likes_enabled":true,"amp_enabled":true,"_links":{"self":[{"href":"https:\/\/encuentroinformativo.com.mx\/index.php?rest_route=\/wp\/v2\/posts\/69851","targetHints":{"allow":["GET"]}}],"collection":[{"href":"https:\/\/encuentroinformativo.com.mx\/index.php?rest_route=\/wp\/v2\/posts"}],"about":[{"href":"https:\/\/encuentroinformativo.com.mx\/index.php?rest_route=\/wp\/v2\/types\/post"}],"author":[{"embeddable":true,"href":"https:\/\/encuentroinformativo.com.mx\/index.php?rest_route=\/wp\/v2\/users\/2476"}],"replies":[{"embeddable":true,"href":"https:\/\/encuentroinformativo.com.mx\/index.php?rest_route=%2Fwp%2Fv2%2Fcomments&post=69851"}],"version-history":[{"count":1,"href":"https:\/\/encuentroinformativo.com.mx\/index.php?rest_route=\/wp\/v2\/posts\/69851\/revisions"}],"predecessor-version":[{"id":69853,"href":"https:\/\/encuentroinformativo.com.mx\/index.php?rest_route=\/wp\/v2\/posts\/69851\/revisions\/69853"}],"wp:featuredmedia":[{"embeddable":true,"href":"https:\/\/encuentroinformativo.com.mx\/index.php?rest_route=\/wp\/v2\/media\/69852"}],"wp:attachment":[{"href":"https:\/\/encuentroinformativo.com.mx\/index.php?rest_route=%2Fwp%2Fv2%2Fmedia&parent=69851"}],"wp:term":[{"taxonomy":"category","embeddable":true,"href":"https:\/\/encuentroinformativo.com.mx\/index.php?rest_route=%2Fwp%2Fv2%2Fcategories&post=69851"},{"taxonomy":"post_tag","embeddable":true,"href":"https:\/\/encuentroinformativo.com.mx\/index.php?rest_route=%2Fwp%2Fv2%2Ftags&post=69851"}],"curies":[{"name":"wp","href":"https:\/\/api.w.org\/{rel}","templated":true}]}}