{"id":69857,"date":"2025-08-06T16:33:13","date_gmt":"2025-08-06T22:33:13","guid":{"rendered":"https:\/\/encuentroinformativo.com.mx\/?p=69857"},"modified":"2025-08-06T16:33:13","modified_gmt":"2025-08-06T22:33:13","slug":"efectuaran-operativos-viales-por-fiestas-en-teocelo","status":"publish","type":"post","link":"https:\/\/encuentroinformativo.com.mx\/?p=69857","title":{"rendered":"Efectuar\u00e1n operativos viales por fiestas en Teocelo"},"content":{"rendered":"<p><strong>Dar\u00edo Pale<\/strong><\/p>\n<p>Xalapa, Ver.- La direcci\u00f3n de Tr\u00e1nsito del Estado realizar\u00e1 un operativo en el municipio de Teocelo debido a que del 10 al 16 de agosto se llevar\u00e1n a cabo las fiestas patronales en honor a la Asunci\u00f3n de Nuestra Se\u00f1ora.<\/p>\n<p>El ayuntamiento de Teocelo, dio a conocer que debido a las fiestas patronales durante los d\u00edas del 10 al 16 de agosto la avenida principal de Rub\u00e9n Dar\u00edo y 5 de Mayo tendr\u00e1n cortes a la circulaci\u00f3n por recorrido de las ofrendas florales de los diferentes barrios que integran esta celebraci\u00f3n patronal.<\/p>\n<p>Tambi\u00e9n habr\u00e1 cierre de calles el 10 de agosto a partir de las 00:00 horas de la Calle Juan D\u00edaz Covarrubias, por instalaci\u00f3n de juegos mec\u00e1nicos, quedando Porfirio D\u00edaz (Frente a la iglesia) en doble sentido.<\/p>\n<p>El 11 de agosto a partir de las 00:00 horas se cerrar\u00e1 Benito Ju\u00e1rez por instalaci\u00f3n de carpa para los puestos, continuando Porfirio D\u00edaz (Frente a la iglesia) en doble sentido.<\/p>\n<p>Y el 12 de agosto a las 15:00 horas habr\u00e1 cierre de la calle Rub\u00e9n Dar\u00edo para la realizaci\u00f3n de la \u201cVelada&#8221; y a las 20:00 horas se realizar\u00e1 el cierre total de la calle Porfirio D\u00edaz por instalaci\u00f3n del Teatro del pueblo.<\/p>\n<p>Adem\u00e1s, el 13 de agosto a las 10:00 horas se cerrar\u00e1 de manera intermitente la calle Rub\u00e9n Dar\u00edo por realizaci\u00f3n de la Viejada, el 14 de agosto a partir de las 00:00 horas habr\u00e1 cierre total del centro hist\u00f3rico desde la esquina de la calle de \u201cZapaitonal\u201d hasta el parque por la creaci\u00f3n de la alfombra de aserr\u00edn y a las 15:00 horas habr\u00e1 cierre de la calle Rub\u00e9n Dar\u00edo por el recorrido de la Monumental Ofrenda Floral \u201cArco\u201d<\/p>\n<p>El 15 de agosto a las 12:00 horas habr\u00e1 cierre total de la calle de Rub\u00e9n Dar\u00edo y 5 de Mayo por recorrido de danzas.<\/p>\n<p>La autoridad municipal recomend\u00f3 a los ciudadanos y visitantes tomar rutas alternas para evitar circular por el centro de la ciudad, adem\u00e1s de programar su salida como llegada, ya que el martes 12 de agosto habr\u00e1 cambio temporal de la terminal de autobuses a la \u201cMaquinaria\u201d.<\/p>\n<p>Finalmente hicieron un exhort\u00f3 para utilizar los estacionamientos p\u00fablicos disponibles y evitar estacionarse en zonas prohibidas para no obstaculizar el paso.<\/p>\n","protected":false},"excerpt":{"rendered":"<p>Dar\u00edo Pale Xalapa, Ver.- La direcci\u00f3n de Tr\u00e1nsito del Estado realizar\u00e1 un operativo en el municipio de Teocelo debido a que del 10 al 16 de agosto se llevar\u00e1n a cabo las fiestas patronales en honor a la Asunci\u00f3n de Nuestra Se\u00f1ora. El ayuntamiento de Teocelo, dio a conocer que debido a las fiestas patronales [&hellip;]<\/p>\n","protected":false},"author":2476,"featured_media":69860,"comment_status":"open","ping_status":"open","sticky":false,"template":"","format":"standard","meta":{"_jetpack_memberships_contains_paid_content":false,"footnotes":""},"categories":[8],"tags":[],"class_list":["post-69857","post","type-post","status-publish","format-standard","has-post-thumbnail","hentry","category-region"],"jetpack_featured_media_url":"https:\/\/encuentroinformativo.com.mx\/wp-content\/uploads\/2025\/08\/IMG-20250806-WA03492.jpg","jetpack_sharing_enabled":true,"jetpack_likes_enabled":true,"amp_enabled":true,"_links":{"self":[{"href":"https:\/\/encuentroinformativo.com.mx\/index.php?rest_route=\/wp\/v2\/posts\/69857","targetHints":{"allow":["GET"]}}],"collection":[{"href":"https:\/\/encuentroinformativo.com.mx\/index.php?rest_route=\/wp\/v2\/posts"}],"about":[{"href":"https:\/\/encuentroinformativo.com.mx\/index.php?rest_route=\/wp\/v2\/types\/post"}],"author":[{"embeddable":true,"href":"https:\/\/encuentroinformativo.com.mx\/index.php?rest_route=\/wp\/v2\/users\/2476"}],"replies":[{"embeddable":true,"href":"https:\/\/encuentroinformativo.com.mx\/index.php?rest_route=%2Fwp%2Fv2%2Fcomments&post=69857"}],"version-history":[{"count":1,"href":"https:\/\/encuentroinformativo.com.mx\/index.php?rest_route=\/wp\/v2\/posts\/69857\/revisions"}],"predecessor-version":[{"id":69859,"href":"https:\/\/encuentroinformativo.com.mx\/index.php?rest_route=\/wp\/v2\/posts\/69857\/revisions\/69859"}],"wp:featuredmedia":[{"embeddable":true,"href":"https:\/\/encuentroinformativo.com.mx\/index.php?rest_route=\/wp\/v2\/media\/69860"}],"wp:attachment":[{"href":"https:\/\/encuentroinformativo.com.mx\/index.php?rest_route=%2Fwp%2Fv2%2Fmedia&parent=69857"}],"wp:term":[{"taxonomy":"category","embeddable":true,"href":"https:\/\/encuentroinformativo.com.mx\/index.php?rest_route=%2Fwp%2Fv2%2Fcategories&post=69857"},{"taxonomy":"post_tag","embeddable":true,"href":"https:\/\/encuentroinformativo.com.mx\/index.php?rest_route=%2Fwp%2Fv2%2Ftags&post=69857"}],"curies":[{"name":"wp","href":"https:\/\/api.w.org\/{rel}","templated":true}]}}