{"id":6986,"date":"2020-10-16T15:18:02","date_gmt":"2020-10-16T20:18:02","guid":{"rendered":"https:\/\/encuentroinformativo.com.mx\/?p=6986"},"modified":"2020-10-16T15:18:05","modified_gmt":"2020-10-16T20:18:05","slug":"ex-aspirantes-a-la-fiscalia-siguen-en-pie-de-lucha","status":"publish","type":"post","link":"https:\/\/encuentroinformativo.com.mx\/?p=6986","title":{"rendered":"Ex aspirantes a la Fiscal\u00eda siguen en pie de lucha"},"content":{"rendered":"\n<p><strong>Dar\u00edo Pale <\/strong><\/p>\n\n\n\n<p>Xalapa, Ver.- El a\u00fan aspirante a la Fiscal\u00eda General del Estado Gabriel alejandro Willians Mendoza dio a conocer que el tribunal ha empezado a darle entrada a las demandas de amparo, por lo que espera que pronto le den parte por parte del tribunal al amparo que promovi\u00f3 ya que tiene todo todas las violaciones.<\/p>\n\n\n\n<p>Entrevistado en conocido caf\u00e9 del centro de Xalapa, se\u00f1al\u00f3 que desde el inicio hasta el final fue una violacion constante en el proceso, los veracruzanos no merecen eso, ya que hacen falta legislaturas y legisladores transparentes de acci\u00f3n y de palabra, que realicen su papel del pueblo y para el pueblo.<\/p>\n\n\n\n<p>&#8220;Digo hay hoy honradamente unas excepciones pero hay dos tres diputados que est\u00e1n siendo un c\u00e1ncer muy fuerte para Veracruz y tenemos por supuesto que quitarlos del cuerpo porque los veracruzanos no lo merecen, me preguntaron en una ocasi\u00f3n sobre los dineros que se hab\u00edan dado yo lo dije y lo repito si ese dinero me lo hubieran dado a mi hubiera hecho pies de casas para los periodistas&#8221;, se\u00f1al\u00f3.<\/p>\n\n\n\n<p>Finalmente dio a conocer que se avecina un proceso legislativo de trascendencia y es ah\u00ed donde se tiene que poner muy abusado ya que se tienen que elegir a las personas id\u00f3neas para manejar el rumbo del estado y del pa\u00eds, por lo que todo lo que se requiera lo tendr\u00e1 Veracruz.<\/p>\n","protected":false},"excerpt":{"rendered":"<p>Dar\u00edo Pale Xalapa, Ver.- El a\u00fan aspirante a la Fiscal\u00eda General del Estado Gabriel alejandro Willians Mendoza dio a conocer que el tribunal ha empezado a darle entrada a las demandas de amparo, por lo que espera que pronto le den parte por parte del tribunal al amparo que promovi\u00f3 ya que tiene todo todas [&hellip;]<\/p>\n","protected":false},"author":1,"featured_media":6987,"comment_status":"open","ping_status":"open","sticky":false,"template":"","format":"standard","meta":{"_jetpack_memberships_contains_paid_content":false,"footnotes":""},"categories":[3],"tags":[],"class_list":["post-6986","post","type-post","status-publish","format-standard","has-post-thumbnail","hentry","category-xalapa"],"jetpack_featured_media_url":"https:\/\/encuentroinformativo.com.mx\/wp-content\/uploads\/2020\/10\/1930898A-F897-4D75-A38B-F17A75F3982D.jpeg","jetpack_sharing_enabled":true,"jetpack_likes_enabled":true,"amp_enabled":true,"_links":{"self":[{"href":"https:\/\/encuentroinformativo.com.mx\/index.php?rest_route=\/wp\/v2\/posts\/6986","targetHints":{"allow":["GET"]}}],"collection":[{"href":"https:\/\/encuentroinformativo.com.mx\/index.php?rest_route=\/wp\/v2\/posts"}],"about":[{"href":"https:\/\/encuentroinformativo.com.mx\/index.php?rest_route=\/wp\/v2\/types\/post"}],"author":[{"embeddable":true,"href":"https:\/\/encuentroinformativo.com.mx\/index.php?rest_route=\/wp\/v2\/users\/1"}],"replies":[{"embeddable":true,"href":"https:\/\/encuentroinformativo.com.mx\/index.php?rest_route=%2Fwp%2Fv2%2Fcomments&post=6986"}],"version-history":[{"count":1,"href":"https:\/\/encuentroinformativo.com.mx\/index.php?rest_route=\/wp\/v2\/posts\/6986\/revisions"}],"predecessor-version":[{"id":6988,"href":"https:\/\/encuentroinformativo.com.mx\/index.php?rest_route=\/wp\/v2\/posts\/6986\/revisions\/6988"}],"wp:featuredmedia":[{"embeddable":true,"href":"https:\/\/encuentroinformativo.com.mx\/index.php?rest_route=\/wp\/v2\/media\/6987"}],"wp:attachment":[{"href":"https:\/\/encuentroinformativo.com.mx\/index.php?rest_route=%2Fwp%2Fv2%2Fmedia&parent=6986"}],"wp:term":[{"taxonomy":"category","embeddable":true,"href":"https:\/\/encuentroinformativo.com.mx\/index.php?rest_route=%2Fwp%2Fv2%2Fcategories&post=6986"},{"taxonomy":"post_tag","embeddable":true,"href":"https:\/\/encuentroinformativo.com.mx\/index.php?rest_route=%2Fwp%2Fv2%2Ftags&post=6986"}],"curies":[{"name":"wp","href":"https:\/\/api.w.org\/{rel}","templated":true}]}}