{"id":69868,"date":"2025-08-07T12:25:23","date_gmt":"2025-08-07T18:25:23","guid":{"rendered":"https:\/\/encuentroinformativo.com.mx\/?p=69868"},"modified":"2025-08-07T12:25:23","modified_gmt":"2025-08-07T18:25:23","slug":"trabaja-turismo-en-app-para-promover-destinos-veracruzanos","status":"publish","type":"post","link":"https:\/\/encuentroinformativo.com.mx\/?p=69868","title":{"rendered":"Trabaja turismo en App para promover destinos veracruzanos"},"content":{"rendered":"<p><strong>Dar\u00edo Pale<\/strong><\/p>\n<p>Xalapa, Ver.- Dan a conocer que se desarrolla una aplicaci\u00f3n, una App, la cual tendr\u00e1 un espacio para el pueblo m\u00e1gico de Coatepec y la Ruta de la Orqu\u00eddea, as\u00ed lo dio a conocer el secretario de Turismo de Veracruz, Igor Fidel Roj\u00ed L\u00f3pez.<\/p>\n<p>El funcionario estatal se\u00f1al\u00f3 que, \u201cah\u00ed va a estar en esa aplicaci\u00f3n, en donde seguramente uno de los productos m\u00e1s exitosos va a ser la Ruta de la Orqu\u00eddea y ah\u00ed va a estar en esa aplicaci\u00f3n, lo hemos estado viendo, ahorita vengo precisamente de tener una junta con la gente que est\u00e1 dise\u00f1ando, trabajando esa App\u201d.<\/p>\n<p>Asimismo, el titular de la Secretar\u00eda dio a conocer que en esa aplicaci\u00f3n estar\u00e1n todas las regiones de Veracruz, puso como ejemplo, \u201cle vas a dar clic a la zona de aventura y cultura de esta regi\u00f3n, le vas a dar clic a Coatepec y vas a ver qu\u00e9 es lo que hay\u201d.<\/p>\n<p>Igor Fidel Roj\u00ed L\u00f3pez coment\u00f3 que se trabaja en un cat\u00e1logo con m\u00e1s de 600 actividades exitosas en todo el territorio estatal.<\/p>\n<p>Finalmente, el secretario de Turismo, coment\u00f3 que en ferias internacionales llevar\u00e1n iniciativas como la Ruta de la Orqu\u00eddea y el Museo de la Orqu\u00eddea.<\/p>\n","protected":false},"excerpt":{"rendered":"<p>Dar\u00edo Pale Xalapa, Ver.- Dan a conocer que se desarrolla una aplicaci\u00f3n, una App, la cual tendr\u00e1 un espacio para el pueblo m\u00e1gico de Coatepec y la Ruta de la Orqu\u00eddea, as\u00ed lo dio a conocer el secretario de Turismo de Veracruz, Igor Fidel Roj\u00ed L\u00f3pez. El funcionario estatal se\u00f1al\u00f3 que, \u201cah\u00ed va a estar [&hellip;]<\/p>\n","protected":false},"author":2476,"featured_media":69869,"comment_status":"open","ping_status":"open","sticky":false,"template":"","format":"standard","meta":{"_jetpack_memberships_contains_paid_content":false,"footnotes":""},"categories":[2],"tags":[],"class_list":["post-69868","post","type-post","status-publish","format-standard","has-post-thumbnail","hentry","category-estado"],"jetpack_featured_media_url":"https:\/\/encuentroinformativo.com.mx\/wp-content\/uploads\/2025\/08\/IMG-20250807-WA0119.jpg","jetpack_sharing_enabled":true,"jetpack_likes_enabled":true,"amp_enabled":true,"_links":{"self":[{"href":"https:\/\/encuentroinformativo.com.mx\/index.php?rest_route=\/wp\/v2\/posts\/69868","targetHints":{"allow":["GET"]}}],"collection":[{"href":"https:\/\/encuentroinformativo.com.mx\/index.php?rest_route=\/wp\/v2\/posts"}],"about":[{"href":"https:\/\/encuentroinformativo.com.mx\/index.php?rest_route=\/wp\/v2\/types\/post"}],"author":[{"embeddable":true,"href":"https:\/\/encuentroinformativo.com.mx\/index.php?rest_route=\/wp\/v2\/users\/2476"}],"replies":[{"embeddable":true,"href":"https:\/\/encuentroinformativo.com.mx\/index.php?rest_route=%2Fwp%2Fv2%2Fcomments&post=69868"}],"version-history":[{"count":1,"href":"https:\/\/encuentroinformativo.com.mx\/index.php?rest_route=\/wp\/v2\/posts\/69868\/revisions"}],"predecessor-version":[{"id":69870,"href":"https:\/\/encuentroinformativo.com.mx\/index.php?rest_route=\/wp\/v2\/posts\/69868\/revisions\/69870"}],"wp:featuredmedia":[{"embeddable":true,"href":"https:\/\/encuentroinformativo.com.mx\/index.php?rest_route=\/wp\/v2\/media\/69869"}],"wp:attachment":[{"href":"https:\/\/encuentroinformativo.com.mx\/index.php?rest_route=%2Fwp%2Fv2%2Fmedia&parent=69868"}],"wp:term":[{"taxonomy":"category","embeddable":true,"href":"https:\/\/encuentroinformativo.com.mx\/index.php?rest_route=%2Fwp%2Fv2%2Fcategories&post=69868"},{"taxonomy":"post_tag","embeddable":true,"href":"https:\/\/encuentroinformativo.com.mx\/index.php?rest_route=%2Fwp%2Fv2%2Ftags&post=69868"}],"curies":[{"name":"wp","href":"https:\/\/api.w.org\/{rel}","templated":true}]}}