{"id":69876,"date":"2025-08-07T16:19:09","date_gmt":"2025-08-07T22:19:09","guid":{"rendered":"https:\/\/encuentroinformativo.com.mx\/?p=69876"},"modified":"2025-08-07T16:19:09","modified_gmt":"2025-08-07T22:19:09","slug":"acusan-rezago-legislativo-en-materia-de-movilidad","status":"publish","type":"post","link":"https:\/\/encuentroinformativo.com.mx\/?p=69876","title":{"rendered":"Acusan rezago legislativo en materia de movilidad"},"content":{"rendered":"<p><strong>Dar\u00edo Pale<\/strong><\/p>\n<p>Xalapa, Ver.- Contin\u00faan agresiones contra ciclistas; autoridades, sin reforzar seguridad vial, acusa &#8220;Sensatos Ciclismo Urbano&#8221; que Veracruz tiene una deuda legislativa, Veracruz tiene 3 a\u00f1os en rezago legislativo, es decir, no se ha armonizado su ley de movilidad.<\/p>\n<p>El Colectivo &#8220;Sensatos Ciclismo Urbano&#8221;, se\u00f1al\u00f3 que \u201cVeracruz tiene 3 a\u00f1os en rezago legislativo, es decir, no se ha armonizado su ley de movilidad, creo que todos hemos vivido las situaciones que han pasado, sobre todo aqu\u00ed en la capital, en temas de siniestros viales, ayer tuvimos cuatro accidentes con veh\u00edculos pesados, afortunadamente no tuvimos bajas, no queremos que muera m\u00e1s gente\u201d.<\/p>\n<p>\u201cEl prop\u00f3sito de nuestro movimiento es que haya cero muertes viales, queremos que las calles sean m\u00e1s seguras para que todas las personas veracruzanas lleguen a casa, hacemos un llamado a los legisladores para que armonicen esta ley\u201d, as\u00ed lo inform\u00f3 el arquitecto Antonio Sainz, representante de Coalici\u00f3n Movilidad Segura Veracruz.<\/p>\n<p>\u201cEs muy importante que las ciudades veracruzanas ya cuenten con mejor transporte p\u00fablico, con mejores calles, que sean accesibles para todos, sobre todo para las personas con discapacidad y bueno, tambi\u00e9n que los municipios construyan con base a las normas federales para que las calles sean completas, que las calles sean para ciclistas, para personas con discapacidad, para peatones, etc\u00e9tera\u201d, se\u00f1al\u00f3.<\/p>\n<p>Dijo que van a hacer un pronunciamiento con los grupos ciclistas con los que tienen una hermandad muy fuerte por el mismo tema, ya que ha habido muchos accidentes involucrando a sus compa\u00f1eros ciclistas.<\/p>\n<p>Por otra parte Selma Cabrera quien forma parte de de la coordinaci\u00f3n del de la colectiva \u201cDivas Urban Bike\u201d, dijo que \u201ces un tema que nos compete a toda la ciudadan\u00eda, no solamente a ciclistas, como ya lo mencion\u00f3 mi compa\u00f1ero, la movilidad es para todos, para las personas discapacitadas, para peatones, para ciclistas\u201d.<\/p>\n<p>\u201cNosotros s\u00ed queremos una ciudad m\u00e1s inclusiva para que todos podamos movernos, es un problema bastante notorio aqu\u00ed en Xalapa y en muchas ciudades, entonces, s\u00ed estamos a favor de estas propuestas y las apoyamos rotundamente\u201d, coment\u00f3.<\/p>\n<p>Lament\u00f3 que el Ayuntamiento de Xalapa no los haya invitado a la Rodada Ciclista que organiza para este s\u00e1bado, denominada \u201c\u00a1Xalapa se mueve por la paz!\u201d.<\/p>\n<p>&#8220;Aunque celebramos iniciativas por la paz y la convivencia, lamentamos no haber sido convocados como colectivo ciclista&#8221;, se\u00f1alaron.<\/p>\n<p>Lo anterior, sin que se hayan concretado soluciones para reforzar la seguridad vial, pese a sus solicitudes formales, como el oficio entregado el D\u00eda Mundial de la Bicicleta.<\/p>\n<p>&#8220;Nuestra queja contra un taxista que puso en riesgo nuestra integridad en la Direcci\u00f3n General de Tr\u00e1nsito y Seguridad Vial del Estado de Veracruz&#8221;.<\/p>\n<p>Por ello, los miembros de &#8220;Sensatos Ciclismo Urbano&#8221; informaron que han decidido no participar en la rodada, respetando la libertad de cada integrante para asistir o no.<\/p>\n<p>&#8220;La voz de la comunidad ciclista es clave. Y nos haremos presentes el d\u00eda s\u00e1bado, no para rodar pero s\u00ed para alzar la voz y demostrar nuestra inconformidad, \u00a1nuestra integridad f\u00edsica no puede ser tomada a la ligera!&#8221;, fustigaron.<\/p>\n<p>En ese sentido, invitaron al Ayuntamiento, a la Direcci\u00f3n de Tr\u00e1nsito del Estado y a la ciudadan\u00eda a sumarse al di\u00e1logo para construir una ciudad m\u00e1s humana, respetuosa y emp\u00e1tica.<\/p>\n<p>&#8220;Nos vemos el s\u00e1bado en el punto de salida, lleva carteles en donde exijamos m\u00e1s seguridad para la comunidad ciclista, personas con discapacidad y peatones en general&#8221;, finalizaron.<\/p>\n","protected":false},"excerpt":{"rendered":"<p>Dar\u00edo Pale Xalapa, Ver.- Contin\u00faan agresiones contra ciclistas; autoridades, sin reforzar seguridad vial, acusa &#8220;Sensatos Ciclismo Urbano&#8221; que Veracruz tiene una deuda legislativa, Veracruz tiene 3 a\u00f1os en rezago legislativo, es decir, no se ha armonizado su ley de movilidad. El Colectivo &#8220;Sensatos Ciclismo Urbano&#8221;, se\u00f1al\u00f3 que \u201cVeracruz tiene 3 a\u00f1os en rezago legislativo, es [&hellip;]<\/p>\n","protected":false},"author":2476,"featured_media":69877,"comment_status":"open","ping_status":"open","sticky":false,"template":"","format":"standard","meta":{"_jetpack_memberships_contains_paid_content":false,"footnotes":""},"categories":[3],"tags":[],"class_list":["post-69876","post","type-post","status-publish","format-standard","has-post-thumbnail","hentry","category-xalapa"],"jetpack_featured_media_url":"https:\/\/encuentroinformativo.com.mx\/wp-content\/uploads\/2025\/08\/IMG-20250807-WA0184.jpg","jetpack_sharing_enabled":true,"jetpack_likes_enabled":true,"amp_enabled":true,"_links":{"self":[{"href":"https:\/\/encuentroinformativo.com.mx\/index.php?rest_route=\/wp\/v2\/posts\/69876","targetHints":{"allow":["GET"]}}],"collection":[{"href":"https:\/\/encuentroinformativo.com.mx\/index.php?rest_route=\/wp\/v2\/posts"}],"about":[{"href":"https:\/\/encuentroinformativo.com.mx\/index.php?rest_route=\/wp\/v2\/types\/post"}],"author":[{"embeddable":true,"href":"https:\/\/encuentroinformativo.com.mx\/index.php?rest_route=\/wp\/v2\/users\/2476"}],"replies":[{"embeddable":true,"href":"https:\/\/encuentroinformativo.com.mx\/index.php?rest_route=%2Fwp%2Fv2%2Fcomments&post=69876"}],"version-history":[{"count":1,"href":"https:\/\/encuentroinformativo.com.mx\/index.php?rest_route=\/wp\/v2\/posts\/69876\/revisions"}],"predecessor-version":[{"id":69878,"href":"https:\/\/encuentroinformativo.com.mx\/index.php?rest_route=\/wp\/v2\/posts\/69876\/revisions\/69878"}],"wp:featuredmedia":[{"embeddable":true,"href":"https:\/\/encuentroinformativo.com.mx\/index.php?rest_route=\/wp\/v2\/media\/69877"}],"wp:attachment":[{"href":"https:\/\/encuentroinformativo.com.mx\/index.php?rest_route=%2Fwp%2Fv2%2Fmedia&parent=69876"}],"wp:term":[{"taxonomy":"category","embeddable":true,"href":"https:\/\/encuentroinformativo.com.mx\/index.php?rest_route=%2Fwp%2Fv2%2Fcategories&post=69876"},{"taxonomy":"post_tag","embeddable":true,"href":"https:\/\/encuentroinformativo.com.mx\/index.php?rest_route=%2Fwp%2Fv2%2Ftags&post=69876"}],"curies":[{"name":"wp","href":"https:\/\/api.w.org\/{rel}","templated":true}]}}