{"id":69888,"date":"2025-08-08T09:55:38","date_gmt":"2025-08-08T15:55:38","guid":{"rendered":"https:\/\/encuentroinformativo.com.mx\/?p=69888"},"modified":"2025-08-08T09:55:38","modified_gmt":"2025-08-08T15:55:38","slug":"historias-de-transporte","status":"publish","type":"post","link":"https:\/\/encuentroinformativo.com.mx\/?p=69888","title":{"rendered":"HISTORIAS DE TRANSPORTE"},"content":{"rendered":"<div id=\"m#msg-f:1839896743954560293\" class=\"mail-message expanded\">\n<div id=\"m#msg-f:1839896743954560293-content\" class=\"mail-message-content collapsible zoom-normal   mail-images-rewrite\">\n<div class=\"clear\">\n<div dir=\"ltr\">\n<div class=\"gmail_signature\" dir=\"ltr\" data-smartmail=\"gmail_signature\">\n<div dir=\"ltr\">\n<div dir=\"ltr\">\n<p dir=\"ltr\"><strong>Los Pol\u00edticos\u00a0<\/strong><\/p>\n<p dir=\"ltr\"><strong>Salvador Mu\u00f1oz<\/strong><\/p>\n<p dir=\"ltr\">El video de la usuaria en redes sociales muestra el momento en que el taxista de la unidad XL 6533 de Xalapa, casi la embiste, luego de que el chofer se negara a respetar la tarifa acordada y pretendiera cobrarle m\u00e1s. No pas\u00f3 a mayores y la persona dej\u00f3 constancia de la agresividad del conductor de la unidad.<\/p>\n<p dir=\"ltr\">Una persona me contaba que la mujer que trabaja en su casa estaba feliz con las tarifas establecidas porque ahora s\u00ed pod\u00eda tomar taxi, lo que para ella significaba ahorro econ\u00f3mico y de tiempo\u2026 adi\u00f3s al servicio urbano.<\/p>\n<p dir=\"ltr\">Dos historias. Dos contrastes. Dos realidades. La de muchos conductores de taxis molestos con las tarifas. La de los usuarios, felices al alto de lo que ellos consideraban un abuso en el cobro de su servicio.<\/p>\n<p dir=\"ltr\">Hasta donde se sabe, s\u00f3lo un usuario ha presentado queja contra un taxista por no respetar las tarifas establecidas\u2026 fue multado.<\/p>\n<p dir=\"ltr\">Es claro que falta mucho por resolver en este tema y de paso, en todas sus ramificaciones, entre ellas, el Servicio Urbano\u2026<\/p>\n<p dir=\"ltr\">Hace unos d\u00edas, en la Ciudad de C\u00f3rdoba, un chofer de \u201cUrbano\u201d impacta por detr\u00e1s a una moto que aguardaba, entre otros veh\u00edculos, el \u201cverde\u201d del sem\u00e1foro. El motociclista tuvo serias lesiones. \u00bfQu\u00e9 pudo ocurrir? \u00a1Las mil hip\u00f3tesis! Aunque la que m\u00e1s pudiera acercarse ser\u00eda la de que por una fracci\u00f3n de segundos, el conductor del \u201cUrbano\u201d se descuid\u00f3 y por lo alto de su unidad, la moto qued\u00f3 fuera de su campo visual\u2026 pero volvemos a lo mismo: un descuido, y el chofer estuvo a punto de convertirse en homicida imprudencial\u2026<\/p>\n<p dir=\"ltr\">Seguimos con el Servicio Urbano\u2026 Alguna vez, conduciendo o viajando en un sed\u00e1n, ha visto de cerca los birlos de picos que algunos camiones de pasajeros usan? Si el prop\u00f3sito es generar miedo, lo logran.<\/p>\n<p dir=\"ltr\">Y no s\u00f3lo son los camiones de pasajeros los que los usan\u2026 tortons y tr\u00e1ilers los llevan por lo regular en las llantas delanteras\u2026<\/p>\n<p dir=\"ltr\">Jorge Viveros Pasquel, de quien es seguro que el pr\u00f3ximo a\u00f1o oiremos m\u00e1s de \u00e9l en Xalapa, platica lo siguiente:<\/p>\n<p dir=\"ltr\">\u201cLes quiero compartir que ayer [mi\u00e9rcoles] en la ma\u00f1ana, un tr\u00e1iler me choc\u00f3 mientras circulaba por la zona de Plaza Xanath (rumbo a Xalapa)\u2026 el conductor, al no verme, invadi\u00f3 mi carril y peg\u00f3 con su llanta y rin en las puertas del lado izquierdo de mi coche\u2026 luego me qued\u00e9 pensando \u00bfqu\u00e9 hubiera pasado si hubiera ido en la moto? y si el tr\u00e1iler hubiera tra\u00eddo esos birlos de pico (tipo Mad Max) que en ocasiones instalan\u2026 creo que se debe prohibir circular a cualquier unidad que use eso por el potencial peligro que representan.<\/p>\n<p dir=\"ltr\">\u201cLes dejo una foto para que vean como qued\u00f3 mi coche y para que se imaginen lo que esos birlos le pueden hacer a la pierna o al cuerpo de un motociclista o un peat\u00f3n\u2026\u201d<\/p>\n<p dir=\"ltr\">A prop\u00f3sito de esta zona de circulaci\u00f3n, ayer precisamente, por la noche, un tr\u00e1iler bajando del puente Heriberto Castillo, perdi\u00f3 el control, salt\u00f3 el camell\u00f3n e impact\u00f3 a un carro dejando dos heridos. La unidad tra\u00eda un contenedor. El asunto es que cuando lo traen vac\u00edo, andan hechos la mocha, lo que pudo originar el descontrol al bajar por el puente\u2026 exceso de velocidad\u2026<\/p>\n<p dir=\"ltr\">La empresa Yutong Bus &amp; Coach ya mand\u00f3 un paquete de 102 autobuses h\u00edbridos a Veracruz. Se vislumbra un buen arranque para un transporte p\u00fablico m\u00e1s moderno y sostenible. Se habla de que con esta centena, se agregan siete autobuses con motorizaci\u00f3n di\u00e9sel Euro 6.<\/p>\n<p dir=\"ltr\">Ojal\u00e1 que cuando arriben a nuestras tierras estas modernas unidades, vengan con un chip\u00a0integrado para pon\u00e9rselo a quienes se encarguen del mantenimiento y conducci\u00f3n de estas unidades, porque si no hay cambio de mentalidad cuando alguien se pone frente al volante, de poco servir\u00e1 tanta modernidad.<\/p>\n<div dir=\"ltr\" align=\"left\"><\/div>\n<div dir=\"ltr\" align=\"left\"><\/div>\n<\/div>\n<\/div>\n<\/div>\n<\/div>\n<\/div>\n<\/div>\n<div id=\"m#msg-f:1839896743954560293-footer\" class=\"mail-message-footer spacer collapsible\"><\/div>\n<\/div>\n","protected":false},"excerpt":{"rendered":"<p>Los Pol\u00edticos\u00a0 Salvador Mu\u00f1oz El video de la usuaria en redes sociales muestra el momento en que el taxista de la unidad XL 6533 de Xalapa, casi la embiste, luego de que el chofer se negara a respetar la tarifa acordada y pretendiera cobrarle m\u00e1s. No pas\u00f3 a mayores y la persona dej\u00f3 constancia de [&hellip;]<\/p>\n","protected":false},"author":2476,"featured_media":387,"comment_status":"open","ping_status":"open","sticky":false,"template":"","format":"standard","meta":{"_jetpack_memberships_contains_paid_content":false,"footnotes":""},"categories":[11],"tags":[],"class_list":["post-69888","post","type-post","status-publish","format-standard","has-post-thumbnail","hentry","category-opinion"],"jetpack_featured_media_url":"https:\/\/encuentroinformativo.com.mx\/wp-content\/uploads\/2020\/03\/7CF8A22B-2764-47BE-8F7F-38FE9E5D6A2F.jpeg","jetpack_sharing_enabled":true,"jetpack_likes_enabled":true,"amp_enabled":true,"_links":{"self":[{"href":"https:\/\/encuentroinformativo.com.mx\/index.php?rest_route=\/wp\/v2\/posts\/69888","targetHints":{"allow":["GET"]}}],"collection":[{"href":"https:\/\/encuentroinformativo.com.mx\/index.php?rest_route=\/wp\/v2\/posts"}],"about":[{"href":"https:\/\/encuentroinformativo.com.mx\/index.php?rest_route=\/wp\/v2\/types\/post"}],"author":[{"embeddable":true,"href":"https:\/\/encuentroinformativo.com.mx\/index.php?rest_route=\/wp\/v2\/users\/2476"}],"replies":[{"embeddable":true,"href":"https:\/\/encuentroinformativo.com.mx\/index.php?rest_route=%2Fwp%2Fv2%2Fcomments&post=69888"}],"version-history":[{"count":1,"href":"https:\/\/encuentroinformativo.com.mx\/index.php?rest_route=\/wp\/v2\/posts\/69888\/revisions"}],"predecessor-version":[{"id":69889,"href":"https:\/\/encuentroinformativo.com.mx\/index.php?rest_route=\/wp\/v2\/posts\/69888\/revisions\/69889"}],"wp:featuredmedia":[{"embeddable":true,"href":"https:\/\/encuentroinformativo.com.mx\/index.php?rest_route=\/wp\/v2\/media\/387"}],"wp:attachment":[{"href":"https:\/\/encuentroinformativo.com.mx\/index.php?rest_route=%2Fwp%2Fv2%2Fmedia&parent=69888"}],"wp:term":[{"taxonomy":"category","embeddable":true,"href":"https:\/\/encuentroinformativo.com.mx\/index.php?rest_route=%2Fwp%2Fv2%2Fcategories&post=69888"},{"taxonomy":"post_tag","embeddable":true,"href":"https:\/\/encuentroinformativo.com.mx\/index.php?rest_route=%2Fwp%2Fv2%2Ftags&post=69888"}],"curies":[{"name":"wp","href":"https:\/\/api.w.org\/{rel}","templated":true}]}}