{"id":69897,"date":"2025-08-08T13:34:24","date_gmt":"2025-08-08T19:34:24","guid":{"rendered":"https:\/\/encuentroinformativo.com.mx\/?p=69897"},"modified":"2025-08-08T13:34:24","modified_gmt":"2025-08-08T19:34:24","slug":"ley-silla-incertidumbre-para-empresarios-senala-canaco","status":"publish","type":"post","link":"https:\/\/encuentroinformativo.com.mx\/?p=69897","title":{"rendered":"Ley Silla incertidumbre para empresarios, se\u00f1ala CANACO"},"content":{"rendered":"<p><strong>Dar\u00edo Pale<\/strong><\/p>\n<p>Xalapa, Ver.- El presidente de la CANACO Xalapa, Luis Francisco Llera Hern\u00e1ndez dio a conocer que, la \u201cLey Silla\u201d, ha generado una gran incertidumbre operativa y jur\u00eddica en lo que se ha podido notar en muchos sectores principalmente comercio, servicio y turismo.<\/p>\n<p>Se\u00f1al\u00f3 que, \u201ces un gran reto la ley silla, hay un gran desconocimiento de la norma por parte de nuestro sector, la entrada de esta ley ha generado una profunda incertidumbre operativa y jur\u00eddica en lo que se ha podido notar en nuestro sector\u201d.<\/p>\n<p>Dijo que en muchos negocios, especialmente en los sectores comercio, servicio y turismo, la norma reconoce el derecho de las personas trabajadoras a contar con sillas con respaldo para que los empleados puedan sentarse y descansar peri\u00f3dicamente y hacer pausas activas durante su jornada.<\/p>\n<p>Lamentablemente se\u00f1al\u00f3 que, \u201cno establece lineamientos t\u00e9cnicos m\u00ednimos, no define una duraci\u00f3n, frecuencia ni criterios por tipo de actividad, delegando muchas veces al empleado la responsabilidad de determinar los esquemas de descanso y las autoridades a nivel federal\u201d.<\/p>\n<p>El poder aplicar los criterios propios y diferentes, tienen que definir lineamientos para establecer los horarios de los trabajadores.<\/p>\n<p>\u201cPara Canaco, Xalapa y nuestra Confederaci\u00f3n de C\u00e1maras de Comercio, la Concanaco Servytur, resulta indispensable que definan lineamientos para establecer los horarios de los trabajadores que laboran todo el d\u00eda, de pie y que puedan sentarse\u201d, coment\u00f3.<\/p>\n<p>Se\u00f1al\u00f3 que la reciente implementaci\u00f3n ha reducido hasta 6.5 horas efectivas laborables, lo que equivale a una duraci\u00f3n de 18.75 por ciento en el tiempo operativo diario.<\/p>\n<p>Finalmente Llera Hern\u00e1ndez hizo un llamado a las autoridades competentes a revisar y armonizar la aplicaci\u00f3n de esta norma, con el fin de evitar afectaciones a la productividad y brindar certeza tanto a empleadores como a trabajadores.<\/p>\n","protected":false},"excerpt":{"rendered":"<p>Dar\u00edo Pale Xalapa, Ver.- El presidente de la CANACO Xalapa, Luis Francisco Llera Hern\u00e1ndez dio a conocer que, la \u201cLey Silla\u201d, ha generado una gran incertidumbre operativa y jur\u00eddica en lo que se ha podido notar en muchos sectores principalmente comercio, servicio y turismo. Se\u00f1al\u00f3 que, \u201ces un gran reto la ley silla, hay un [&hellip;]<\/p>\n","protected":false},"author":2476,"featured_media":69898,"comment_status":"open","ping_status":"open","sticky":false,"template":"","format":"standard","meta":{"_jetpack_memberships_contains_paid_content":false,"footnotes":""},"categories":[3],"tags":[],"class_list":["post-69897","post","type-post","status-publish","format-standard","has-post-thumbnail","hentry","category-xalapa"],"jetpack_featured_media_url":"https:\/\/encuentroinformativo.com.mx\/wp-content\/uploads\/2025\/08\/IMG-20250808-WA0104.jpg","jetpack_sharing_enabled":true,"jetpack_likes_enabled":true,"amp_enabled":true,"_links":{"self":[{"href":"https:\/\/encuentroinformativo.com.mx\/index.php?rest_route=\/wp\/v2\/posts\/69897","targetHints":{"allow":["GET"]}}],"collection":[{"href":"https:\/\/encuentroinformativo.com.mx\/index.php?rest_route=\/wp\/v2\/posts"}],"about":[{"href":"https:\/\/encuentroinformativo.com.mx\/index.php?rest_route=\/wp\/v2\/types\/post"}],"author":[{"embeddable":true,"href":"https:\/\/encuentroinformativo.com.mx\/index.php?rest_route=\/wp\/v2\/users\/2476"}],"replies":[{"embeddable":true,"href":"https:\/\/encuentroinformativo.com.mx\/index.php?rest_route=%2Fwp%2Fv2%2Fcomments&post=69897"}],"version-history":[{"count":1,"href":"https:\/\/encuentroinformativo.com.mx\/index.php?rest_route=\/wp\/v2\/posts\/69897\/revisions"}],"predecessor-version":[{"id":69899,"href":"https:\/\/encuentroinformativo.com.mx\/index.php?rest_route=\/wp\/v2\/posts\/69897\/revisions\/69899"}],"wp:featuredmedia":[{"embeddable":true,"href":"https:\/\/encuentroinformativo.com.mx\/index.php?rest_route=\/wp\/v2\/media\/69898"}],"wp:attachment":[{"href":"https:\/\/encuentroinformativo.com.mx\/index.php?rest_route=%2Fwp%2Fv2%2Fmedia&parent=69897"}],"wp:term":[{"taxonomy":"category","embeddable":true,"href":"https:\/\/encuentroinformativo.com.mx\/index.php?rest_route=%2Fwp%2Fv2%2Fcategories&post=69897"},{"taxonomy":"post_tag","embeddable":true,"href":"https:\/\/encuentroinformativo.com.mx\/index.php?rest_route=%2Fwp%2Fv2%2Ftags&post=69897"}],"curies":[{"name":"wp","href":"https:\/\/api.w.org\/{rel}","templated":true}]}}