{"id":69900,"date":"2025-08-08T15:40:39","date_gmt":"2025-08-08T21:40:39","guid":{"rendered":"https:\/\/encuentroinformativo.com.mx\/?p=69900"},"modified":"2025-08-08T15:40:39","modified_gmt":"2025-08-08T21:40:39","slug":"mexico-enfrenta-crisis-de-violencia-javier-sicilia","status":"publish","type":"post","link":"https:\/\/encuentroinformativo.com.mx\/?p=69900","title":{"rendered":"M\u00e9xico enfrenta crisis de violencia: Javier Sicilia"},"content":{"rendered":"<p><strong>Dar\u00edo Pale<\/strong><\/p>\n<p>Xalapa, Ver.- Javier Sicilia, Poeta y activista de derechos humanos, afirm\u00f3 que \u201cM\u00e9xico atraviesa una crisis de violencia, impunidad y descomposici\u00f3n institucional\u201d, y que con Morena gobernando al pa\u00eds le espera una mayor tragedia y a M\u00e9xico y que Veracruz y el pa\u00eds vive un grado de descomposici\u00f3n atroz.<\/p>\n<p>Ante el agravamiento de la crisis de violencia, impunidad y descomposici\u00f3n del estado, en M\u00e9xico, distintas voces de la sociedad civil han alertado sobre la necesidad urgente de una transformaci\u00f3n profunda en el modelo de justicia, seguridad y gobernanza en el pa\u00eds.<\/p>\n<p>&#8220;Morena se ha convertido en algo peor (que el PRI), los viejos priistas ten\u00edan una cultura pol\u00edtica, estos no tienen ninguna y adem\u00e1s son ineficientes. Nos espera una mayor tragedia, ya estamos en una tragedia y el infierno puede ser tan profundo como lo permitamos&#8221;, se\u00f1al\u00f3.<\/p>\n<p>Actualmente, miles de personas permanecen desaparecidas y asesinadas sin que exista una respuesta eficaz por parte del estado, casos como el de la maestra Irma, v\u00edctima de un crimen atroz, han evidenciado no solo la gravedad de la violencia, sino tambi\u00e9n la insuficiencia e insensibilidad de las respuestas institucionales.<\/p>\n<p>&#8220;Estamos ante una crisis profunda en la que las estructuras estatales no solo han fallado a las v\u00edctimas, sino que en muchos casos act\u00faan con complicidad, encubrimiento o indiferencia&#8221;, coment\u00f3.<\/p>\n<p>Consider\u00f3 que se est\u00e1 avanzando a una &#8220;multiplicaci\u00f3n del horror&#8221; porque se est\u00e1 viviendo una guerra in\u00e9dita &#8220;de pol\u00edticos metidos con la criminalidad y el estado no va a hacer nada por nosotros&#8221;.<\/p>\n<p>Expuso que luego de la Cruzada por la Paz que inici\u00f3 en el 2011 y al paso de los a\u00f1os, nada ha cambiado pues se sigue viviendo en medio del horror.<\/p>\n<p>&#8220;Ning\u00fan cambio, el ahondamiento del horror, de las complicidades pol\u00edticas con el crimen organizado, la polarizaci\u00f3n del pa\u00eds. Estamos hablando de casi 5 mil fosas que no han descubierto el Estado, las han descubierto las madres buscadoras&#8221;, acus\u00f3.<\/p>\n<p>Sostuvo que en el pa\u00eds hay 130 mil desaparecidos y m\u00e1s de 300 mil asesinatos, as\u00ed como masacres todos los d\u00edas.<\/p>\n<p>&#8220;Veracruz est\u00e1 en un estado de descomposici\u00f3n, el pa\u00eds entero, pero Veracruz tiene un grado de descomposici\u00f3n atroz&#8221;, inform\u00f3.<\/p>\n<p>Sostuvo que casos como el asesinato de la maestra Irma Hern\u00e1ndez en \u00c1lamo Temapache no se hab\u00edan visto m\u00e1s que con los terroristas isl\u00e1micos radicales por motivos religiosos e ideol\u00f3gicos, &#8220;esto es la banalidad del mal, es por motivos de extorsi\u00f3n&#8221;.<\/p>\n<p>&#8220;La respuesta de la gobernadora es lamentable, es de complicidad con el crimen, &#8216;la maestra se muri\u00f3 de un infarto&#8217;, era para que la ciudadan\u00eda saliera y destituyeran&#8221;.<\/p>\n<p>Expuso que existe un desprecio por las v\u00edctimas y un intento de ocultamiento de la realidad y la degradaci\u00f3n total del estado.<\/p>\n<p>&#8220;Un estado que no puede responder por las v\u00edctimas, no es capaz de darles seguridad a su gente, es un estado criminal, un estado inexistente, pero ambas cosas son atroces y es una realidad intolerable para nosotros&#8221;, dijo.<\/p>\n<p>Sostuvo que la cruzada por la paz fue un momento importante porque se unieron &#8220;derechas e izquierdas&#8221; y fue un &#8220;levantamiento&#8221; de indignaci\u00f3n nacional.<\/p>\n<p>Refiri\u00f3 que el horror se est\u00e1 normalizando y que hace falta construir una coalici\u00f3n similar a la de aquel 2011 que pudiera detener el horror, &#8220;hace falta, no hay quien tenga esa convocatoria por desgracia&#8221;.<\/p>\n<p>El fundador del Movimiento por la Paz con Justicia y Dignidad, se\u00f1al\u00f3 que en el pa\u00eds no gobierna la izquierda porque no existe.<\/p>\n<p>&#8220;Esto un pu\u00f1ado de ignorantes que utilizan un poco el evangelio, un poco de categoria de izquierda para enga\u00f1ar a la gente, no son nada, no son m\u00e1s que fascistas, porque los pactos de complicidad con el crimen organizado son cada vez m\u00e1s evidentes y las cortinas de humo que est\u00e1n inventando para en encubrimiento son cada vez m\u00e1s evidentes&#8221;, a\u00f1adi\u00f3.<\/p>\n<p>Agreg\u00f3 que los partidos pol\u00edticos est\u00e1n tambi\u00e9n coludidos con el crimen organizado, por lo que el regreso de la oposici\u00f3n, tampoco garantizar\u00eda nada, por lo que se vive un caos y se tendr\u00e1 que preguntarse c\u00f3mo se puede salir de all\u00ed.<\/p>\n<p>&#8220;Estamos tratando de hacer una an\u00e1lisis, tratar de entender c\u00f3mo llegamos a esta oscuridad, tenemos que mirarla para poder pensar en la salida porque aqu\u00ed nada m\u00e1s estamos reciclando o la democracia o la dictadura, esas ya no funcionan, lo \u00fanico que alimentan es el horror y el caos. Yo creo que ya tocamos fondo&#8221;, mencion\u00f3.<\/p>\n<p>Frente a este panorama, se proponen las siguientes acciones prioritarias:<\/p>\n<p>Crear una Comisi\u00f3n Ciudadana de la Verdad, con respaldo nacional e internacional, para esclarecer casos de desapariciones y violencia de manera independiente.<\/p>\n<p>Garantizar la protecci\u00f3n y participaci\u00f3n de las v\u00edctimas, empoderando sus luchas y reconociendo su papel central en la reconstrucci\u00f3n de la verdad y la justicia.<\/p>\n<p>Fortalecer la articulaci\u00f3n de la sociedad civil, mediante una coalici\u00f3n amplia que promueva acciones concretas frente a la impunidad y la violencia.<\/p>\n<p>Reconstruir el pacto democr\u00e1tico, con un nuevo modelo de gobernanza m\u00e1s justo, participativo y transparente.<\/p>\n<p>Finalmente se\u00f1al\u00f3 que la normalizaci\u00f3n de la violencia no puede continuar. M\u00e9xico necesita, con urgencia, un cambio de rumbo institucional y \u00e9tico, que ponga en el centro a las v\u00edctimas y que garantice el derecho de toda persona a la verdad, la justicia y la reparaci\u00f3n.<\/p>\n","protected":false},"excerpt":{"rendered":"<p>Dar\u00edo Pale Xalapa, Ver.- Javier Sicilia, Poeta y activista de derechos humanos, afirm\u00f3 que \u201cM\u00e9xico atraviesa una crisis de violencia, impunidad y descomposici\u00f3n institucional\u201d, y que con Morena gobernando al pa\u00eds le espera una mayor tragedia y a M\u00e9xico y que Veracruz y el pa\u00eds vive un grado de descomposici\u00f3n atroz. Ante el agravamiento de [&hellip;]<\/p>\n","protected":false},"author":2476,"featured_media":69901,"comment_status":"open","ping_status":"open","sticky":false,"template":"","format":"standard","meta":{"_jetpack_memberships_contains_paid_content":false,"footnotes":""},"categories":[2,12],"tags":[],"class_list":["post-69900","post","type-post","status-publish","format-standard","has-post-thumbnail","hentry","category-estado","category-nacional"],"jetpack_featured_media_url":"https:\/\/encuentroinformativo.com.mx\/wp-content\/uploads\/2025\/08\/IMG-20250808-WA0190.jpg","jetpack_sharing_enabled":true,"jetpack_likes_enabled":true,"amp_enabled":true,"_links":{"self":[{"href":"https:\/\/encuentroinformativo.com.mx\/index.php?rest_route=\/wp\/v2\/posts\/69900","targetHints":{"allow":["GET"]}}],"collection":[{"href":"https:\/\/encuentroinformativo.com.mx\/index.php?rest_route=\/wp\/v2\/posts"}],"about":[{"href":"https:\/\/encuentroinformativo.com.mx\/index.php?rest_route=\/wp\/v2\/types\/post"}],"author":[{"embeddable":true,"href":"https:\/\/encuentroinformativo.com.mx\/index.php?rest_route=\/wp\/v2\/users\/2476"}],"replies":[{"embeddable":true,"href":"https:\/\/encuentroinformativo.com.mx\/index.php?rest_route=%2Fwp%2Fv2%2Fcomments&post=69900"}],"version-history":[{"count":1,"href":"https:\/\/encuentroinformativo.com.mx\/index.php?rest_route=\/wp\/v2\/posts\/69900\/revisions"}],"predecessor-version":[{"id":69902,"href":"https:\/\/encuentroinformativo.com.mx\/index.php?rest_route=\/wp\/v2\/posts\/69900\/revisions\/69902"}],"wp:featuredmedia":[{"embeddable":true,"href":"https:\/\/encuentroinformativo.com.mx\/index.php?rest_route=\/wp\/v2\/media\/69901"}],"wp:attachment":[{"href":"https:\/\/encuentroinformativo.com.mx\/index.php?rest_route=%2Fwp%2Fv2%2Fmedia&parent=69900"}],"wp:term":[{"taxonomy":"category","embeddable":true,"href":"https:\/\/encuentroinformativo.com.mx\/index.php?rest_route=%2Fwp%2Fv2%2Fcategories&post=69900"},{"taxonomy":"post_tag","embeddable":true,"href":"https:\/\/encuentroinformativo.com.mx\/index.php?rest_route=%2Fwp%2Fv2%2Ftags&post=69900"}],"curies":[{"name":"wp","href":"https:\/\/api.w.org\/{rel}","templated":true}]}}