{"id":69906,"date":"2025-08-09T17:30:31","date_gmt":"2025-08-09T23:30:31","guid":{"rendered":"https:\/\/encuentroinformativo.com.mx\/?p=69906"},"modified":"2025-08-09T17:30:31","modified_gmt":"2025-08-09T23:30:31","slug":"piden-ciclistas-mayores-acciones-en-movilidad-y-seguridad-vial","status":"publish","type":"post","link":"https:\/\/encuentroinformativo.com.mx\/?p=69906","title":{"rendered":"Piden ciclistas mayores acciones en movilidad y seguridad vial"},"content":{"rendered":"<p><strong>Dar\u00edo Pale<\/strong><\/p>\n<p>Xalapa, Ver.- Juan Morales Trejo ciclista dio a conocer que hoy realizaron una marcha pac\u00edfica para que se visibilicen las exigencias que como ciudadan\u00eda todos tienen.<\/p>\n<p>Aproximadamente 10 ciclistas realizaron una marcha por las principales calles del centro de Xalapa para solicitar que se haga ya algo en cuanto a la movilidad y seguridad vial.<\/p>\n<p>\u201cEl motivo de reunirnos el d\u00eda de hoy aqu\u00ed en la Plaza del Teatro del Estado<br \/>\nfue para convocar a una manifestaci\u00f3n pac\u00edfica en la que visivilicemos las exigencias que como ciudadan\u00eda tenemos hacia las dependencias estatales y municipales\u201d, se\u00f1al\u00f3.<\/p>\n<p>\u201cPara que se tome en cuenta y se haga ya algo en cuanto a la movilidad y seguridad vial, ya que como hemos visto estamos padeciendo una crisis que no solamente est\u00e1 teniendo percances leves sino que se est\u00e1 llevando tambi\u00e9n las vidas de varias personas\u201d, agreg\u00f3.<\/p>\n<p>Est\u00e1 marcha no es solo para defender su derecho de andar en bicicleta por la ciudad, pero no defiende a los que andan en las banquetas ya que hay muchas personas que los acusan de hacer eso.<\/p>\n<p>\u201cLa cuesti\u00f3n de la movilidad y la seguridad vial nos involucra a todas las personas, porque es un tema que tiene que considerar los sectores vulnerables\u201d, coment\u00f3.<\/p>\n<p>\u201cEl desarrollo urbano, por ejemplo, tiene que darle prioridad a las personas que caminan, a las personas que se mueven en sillas de ruedas, quienes tienen muletas, quienes son ciegas, a los ciclistas, a los patines, a los scooters y, eventualmente, transporte p\u00fablico<br \/>\ny, finalmente, al auto particular y a la motocicleta, que son en la pir\u00e1mide de movilidad los \u00faltimos\u201d, acuso.<\/p>\n<p>Por lo que con la manifestaci\u00f3n est\u00e1n haciendo un llamado a la acci\u00f3n para que las autoridades vean que necesitan que ya se tome acci\u00f3n y no depender de algunas propuestas que solo sean como un parche.<\/p>\n<p>Finalmente se\u00f1al\u00f3 que, \u201cnecesitamos que sean acciones concretas, estoy seguro que muchas personas que van a ver este mensaje o van a leer esta nota, caminan por Xalapa, han tenido que tropezar con banquetas mal hechas, con banquetas recortadas, banquetas invadidas por autos, por cualquier tipo de obst\u00e1culo\u201d.<\/p>\n","protected":false},"excerpt":{"rendered":"<p>Dar\u00edo Pale Xalapa, Ver.- Juan Morales Trejo ciclista dio a conocer que hoy realizaron una marcha pac\u00edfica para que se visibilicen las exigencias que como ciudadan\u00eda todos tienen. Aproximadamente 10 ciclistas realizaron una marcha por las principales calles del centro de Xalapa para solicitar que se haga ya algo en cuanto a la movilidad y [&hellip;]<\/p>\n","protected":false},"author":2476,"featured_media":69907,"comment_status":"open","ping_status":"open","sticky":false,"template":"","format":"standard","meta":{"_jetpack_memberships_contains_paid_content":false,"footnotes":""},"categories":[3],"tags":[],"class_list":["post-69906","post","type-post","status-publish","format-standard","has-post-thumbnail","hentry","category-xalapa"],"jetpack_featured_media_url":"https:\/\/encuentroinformativo.com.mx\/wp-content\/uploads\/2025\/08\/IMG-20250809-WA0102.jpg","jetpack_sharing_enabled":true,"jetpack_likes_enabled":true,"amp_enabled":true,"_links":{"self":[{"href":"https:\/\/encuentroinformativo.com.mx\/index.php?rest_route=\/wp\/v2\/posts\/69906","targetHints":{"allow":["GET"]}}],"collection":[{"href":"https:\/\/encuentroinformativo.com.mx\/index.php?rest_route=\/wp\/v2\/posts"}],"about":[{"href":"https:\/\/encuentroinformativo.com.mx\/index.php?rest_route=\/wp\/v2\/types\/post"}],"author":[{"embeddable":true,"href":"https:\/\/encuentroinformativo.com.mx\/index.php?rest_route=\/wp\/v2\/users\/2476"}],"replies":[{"embeddable":true,"href":"https:\/\/encuentroinformativo.com.mx\/index.php?rest_route=%2Fwp%2Fv2%2Fcomments&post=69906"}],"version-history":[{"count":1,"href":"https:\/\/encuentroinformativo.com.mx\/index.php?rest_route=\/wp\/v2\/posts\/69906\/revisions"}],"predecessor-version":[{"id":69908,"href":"https:\/\/encuentroinformativo.com.mx\/index.php?rest_route=\/wp\/v2\/posts\/69906\/revisions\/69908"}],"wp:featuredmedia":[{"embeddable":true,"href":"https:\/\/encuentroinformativo.com.mx\/index.php?rest_route=\/wp\/v2\/media\/69907"}],"wp:attachment":[{"href":"https:\/\/encuentroinformativo.com.mx\/index.php?rest_route=%2Fwp%2Fv2%2Fmedia&parent=69906"}],"wp:term":[{"taxonomy":"category","embeddable":true,"href":"https:\/\/encuentroinformativo.com.mx\/index.php?rest_route=%2Fwp%2Fv2%2Fcategories&post=69906"},{"taxonomy":"post_tag","embeddable":true,"href":"https:\/\/encuentroinformativo.com.mx\/index.php?rest_route=%2Fwp%2Fv2%2Ftags&post=69906"}],"curies":[{"name":"wp","href":"https:\/\/api.w.org\/{rel}","templated":true}]}}