{"id":69919,"date":"2025-08-11T09:14:21","date_gmt":"2025-08-11T15:14:21","guid":{"rendered":"https:\/\/encuentroinformativo.com.mx\/?p=69919"},"modified":"2025-08-11T09:14:21","modified_gmt":"2025-08-11T15:14:21","slug":"poza-rica-en-movimiento","status":"publish","type":"post","link":"https:\/\/encuentroinformativo.com.mx\/?p=69919","title":{"rendered":"POZA RICA EN MOVIMIENTO"},"content":{"rendered":"<p dir=\"ltr\"><strong>Los Pol\u00edticos\u00a0<\/strong><\/p>\n<p dir=\"ltr\"><strong>Salvador Mu\u00f1oz<\/strong><\/p>\n<p dir=\"ltr\">Poza Rica amaneci\u00f3 distinta el domingo. No porque cambiara el clima, sino porque una joven candidata le record\u00f3 a todos un d\u00eda antes, que la fuerza no siempre viene de las siglas\u2026 sino de la convicci\u00f3n.<\/p>\n<p dir=\"ltr\">La marcha en respaldo a Adanely Rodr\u00edguez, candidata de Morena a la presidencia municipal, dej\u00f3 claro que no necesita \u201cvejigas para nadar\u201d. Mientras en Papantla MC tuvo que echar mano de la dirigencia nacional, la estatal y hasta de medio zool\u00f3gico pol\u00edtico naranja para llenar la foto, Adanely movi\u00f3 a Poza Rica y a los pozarricenses que creen en su proyecto\u2026 Poza Rica est\u00e1 en Movimiento.<\/p>\n<p dir=\"ltr\">El s\u00e1bado, m\u00e1s de seis mil personas salieron a las calles gritando \u201c\u00a1No est\u00e1s sola!\u201d y \u201c\u00a1Adanely presidenta!\u201d. No fue un paseo de fin de semana, sino una exigencia al Tribunal Electoral de Veracruz: voto por voto, respeto absoluto a la voluntad popular y cero fraudes disfrazados de \u201cerrores administrativos\u201d por parte de Movimiento Ciudadano.<\/p>\n<p dir=\"ltr\">Pero si algo hizo vibrar la marcha fue el momento en que Adanely dej\u00f3 de hablar como candidata y lo hizo como militante herida por la traici\u00f3n: un mensaje directo al senador Manuel Huerta Ladr\u00f3n de Guevara, exigi\u00e9ndole que vea a la cara a la gente de Poza Rica y explique el porqu\u00e9 respald\u00f3 al candidato de MC, Emilio Olvera.<\/p>\n<p dir=\"ltr\">Y no fue un reclamo tibio\u2026 Fue un \u201cSi va a respaldar a su ahijado pol\u00edtico, que renuncie a Morena y se vaya donde quiera\u201d que se escuch\u00f3 en toda la plaza. El coro posterior de \u201c\u00a1Fuera!\u201d de miles de gargantas hizo el resto.<\/p>\n<p dir=\"ltr\">Ah\u00ed estaba el contraste: en Papantla, MC recibi\u00f3 abrazos y defensas. Jos\u00e9 Manuel del R\u00edo Virgen defendiendo su plaza. En Poza Rica, silencio y ausencia naranja\u2026 quiz\u00e1 ya oli\u00e9ndose lo que dictar\u00e1n los tribunales.<\/p>\n<p dir=\"ltr\">Hoy, Adanely no es solo una candidata peleando una elecci\u00f3n; es una de las voces j\u00f3venes de Morena, respaldada por diputados, senadores y alcaldes electos de municipios vecinos. Su liderazgo no se limita a la edad ni a la coyuntura electoral. Es la nueva generaci\u00f3n de pol\u00edticas que no solo compiten: ganan y defienden su triunfo.<\/p>\n<p dir=\"ltr\">La marcha del s\u00e1bado fue eso: un temblor pol\u00edtico. Si el Tribunal Electoral respeta la voluntad ciudadana, Poza Rica podr\u00eda seguir movi\u00e9ndose en esa direcci\u00f3n. Y si no\u2026 bueno, que nadie se sorprenda si la voz joven que sacudi\u00f3 la ciudad sigue resonando en la pol\u00edtica veracruzana.<\/p>\n<p dir=\"ltr\">Porque hay quienes necesitan de la dirigencia nacional, la estatal, y dem\u00e1s naranjas para sobrevivir\u2026 y hay quienes, como Adanely, s\u00f3lo requieren la voluntad popular para seguir avanzando.<\/p>\n","protected":false},"excerpt":{"rendered":"<p>Los Pol\u00edticos\u00a0 Salvador Mu\u00f1oz Poza Rica amaneci\u00f3 distinta el domingo. No porque cambiara el clima, sino porque una joven candidata le record\u00f3 a todos un d\u00eda antes, que la fuerza no siempre viene de las siglas\u2026 sino de la convicci\u00f3n. La marcha en respaldo a Adanely Rodr\u00edguez, candidata de Morena a la presidencia municipal, dej\u00f3 [&hellip;]<\/p>\n","protected":false},"author":2476,"featured_media":387,"comment_status":"open","ping_status":"open","sticky":false,"template":"","format":"standard","meta":{"_jetpack_memberships_contains_paid_content":false,"footnotes":""},"categories":[11],"tags":[],"class_list":["post-69919","post","type-post","status-publish","format-standard","has-post-thumbnail","hentry","category-opinion"],"jetpack_featured_media_url":"https:\/\/encuentroinformativo.com.mx\/wp-content\/uploads\/2020\/03\/7CF8A22B-2764-47BE-8F7F-38FE9E5D6A2F.jpeg","jetpack_sharing_enabled":true,"jetpack_likes_enabled":true,"amp_enabled":true,"_links":{"self":[{"href":"https:\/\/encuentroinformativo.com.mx\/index.php?rest_route=\/wp\/v2\/posts\/69919","targetHints":{"allow":["GET"]}}],"collection":[{"href":"https:\/\/encuentroinformativo.com.mx\/index.php?rest_route=\/wp\/v2\/posts"}],"about":[{"href":"https:\/\/encuentroinformativo.com.mx\/index.php?rest_route=\/wp\/v2\/types\/post"}],"author":[{"embeddable":true,"href":"https:\/\/encuentroinformativo.com.mx\/index.php?rest_route=\/wp\/v2\/users\/2476"}],"replies":[{"embeddable":true,"href":"https:\/\/encuentroinformativo.com.mx\/index.php?rest_route=%2Fwp%2Fv2%2Fcomments&post=69919"}],"version-history":[{"count":1,"href":"https:\/\/encuentroinformativo.com.mx\/index.php?rest_route=\/wp\/v2\/posts\/69919\/revisions"}],"predecessor-version":[{"id":69920,"href":"https:\/\/encuentroinformativo.com.mx\/index.php?rest_route=\/wp\/v2\/posts\/69919\/revisions\/69920"}],"wp:featuredmedia":[{"embeddable":true,"href":"https:\/\/encuentroinformativo.com.mx\/index.php?rest_route=\/wp\/v2\/media\/387"}],"wp:attachment":[{"href":"https:\/\/encuentroinformativo.com.mx\/index.php?rest_route=%2Fwp%2Fv2%2Fmedia&parent=69919"}],"wp:term":[{"taxonomy":"category","embeddable":true,"href":"https:\/\/encuentroinformativo.com.mx\/index.php?rest_route=%2Fwp%2Fv2%2Fcategories&post=69919"},{"taxonomy":"post_tag","embeddable":true,"href":"https:\/\/encuentroinformativo.com.mx\/index.php?rest_route=%2Fwp%2Fv2%2Ftags&post=69919"}],"curies":[{"name":"wp","href":"https:\/\/api.w.org\/{rel}","templated":true}]}}