{"id":6992,"date":"2020-10-16T16:34:39","date_gmt":"2020-10-16T21:34:39","guid":{"rendered":"https:\/\/encuentroinformativo.com.mx\/?p=6992"},"modified":"2020-10-16T16:34:42","modified_gmt":"2020-10-16T21:34:42","slug":"se-investiga-caso-de-aviadores-sueldos-estan-congelados-afirma-zenyazen","status":"publish","type":"post","link":"https:\/\/encuentroinformativo.com.mx\/?p=6992","title":{"rendered":"Se investiga caso de aviadores; sueldos est\u00e1n congelados, afirma Zenyazen"},"content":{"rendered":"\n<p><strong>Dar\u00edo Pale <\/strong><\/p>\n\n\n\n<p>Xalapa, Ver.- El titular de a Secretar\u00eda de Educaci\u00f3n de Veracruz\u00a0Zenyazen Escobar Garc\u00eda se\u00f1al\u00f3\u00a0que en su momento se dar\u00e1n a conocer cu\u00e1les son los 500 aviadores en la Secretar\u00eda de Educaci\u00f3n los cuales cobran sin laborar, por lo que asegur\u00f3 que actualmente est\u00e1n retenido los salarios.<\/p>\n\n\n\n<p>Entrevistado a las puertas de palacio de gobierno dio a conocer que,\u00a0\u201cest\u00e1n congelados sus salarios en su momento se dar\u00e1n a conocer\u201d, adem\u00e1s de que se presentar\u00e1n las denuncias correspondientes.<\/p>\n\n\n\n<p>Lo anterior lo dio a conocer despu\u00e9s de que el gobernador del estado Cuitl\u00e1huac Garc\u00eda Jim\u00e9nez se\u00f1alara en una entrevista televisiva local que\u00a0se hab\u00edan detectado 500 aviadores en la SEV, por lo que ser\u00e1 el propio Ejecutivo quien de a conocer m\u00e1s datos.<\/p>\n\n\n\n<p>\u201cYa lo coment\u00f3 el se\u00f1or gobernador nosotros en su momento se dar\u00e1 a conocer, por el momento no puedo abundar mucho en el tema\u201d, se\u00f1al\u00f3.<\/p>\n\n\n\n<p>Por \u00faltimo record\u00f3 que en primer lugar detectaron personal sindicalizado que ten\u00eda comisiones los cuales ganaban salarios de 89 mil pesos\u00a0 mensuales \u201cmucho m\u00e1s de lo que ganaba un secretario\u201d por lo que se hicieron regularizaciones lo que provoc\u00f3 cierta resistencia.<\/p>\n","protected":false},"excerpt":{"rendered":"<p>Dar\u00edo Pale Xalapa, Ver.- El titular de a Secretar\u00eda de Educaci\u00f3n de Veracruz\u00a0Zenyazen Escobar Garc\u00eda se\u00f1al\u00f3\u00a0que en su momento se dar\u00e1n a conocer cu\u00e1les son los 500 aviadores en la Secretar\u00eda de Educaci\u00f3n los cuales cobran sin laborar, por lo que asegur\u00f3 que actualmente est\u00e1n retenido los salarios. Entrevistado a las puertas de palacio de [&hellip;]<\/p>\n","protected":false},"author":1,"featured_media":6993,"comment_status":"open","ping_status":"open","sticky":false,"template":"","format":"standard","meta":{"_jetpack_memberships_contains_paid_content":false,"footnotes":""},"categories":[2],"tags":[],"class_list":["post-6992","post","type-post","status-publish","format-standard","has-post-thumbnail","hentry","category-estado"],"jetpack_featured_media_url":"https:\/\/encuentroinformativo.com.mx\/wp-content\/uploads\/2020\/10\/4CDA0A29-E583-473F-ABA7-86712755EC25.jpeg","jetpack_sharing_enabled":true,"jetpack_likes_enabled":true,"amp_enabled":true,"_links":{"self":[{"href":"https:\/\/encuentroinformativo.com.mx\/index.php?rest_route=\/wp\/v2\/posts\/6992","targetHints":{"allow":["GET"]}}],"collection":[{"href":"https:\/\/encuentroinformativo.com.mx\/index.php?rest_route=\/wp\/v2\/posts"}],"about":[{"href":"https:\/\/encuentroinformativo.com.mx\/index.php?rest_route=\/wp\/v2\/types\/post"}],"author":[{"embeddable":true,"href":"https:\/\/encuentroinformativo.com.mx\/index.php?rest_route=\/wp\/v2\/users\/1"}],"replies":[{"embeddable":true,"href":"https:\/\/encuentroinformativo.com.mx\/index.php?rest_route=%2Fwp%2Fv2%2Fcomments&post=6992"}],"version-history":[{"count":1,"href":"https:\/\/encuentroinformativo.com.mx\/index.php?rest_route=\/wp\/v2\/posts\/6992\/revisions"}],"predecessor-version":[{"id":6994,"href":"https:\/\/encuentroinformativo.com.mx\/index.php?rest_route=\/wp\/v2\/posts\/6992\/revisions\/6994"}],"wp:featuredmedia":[{"embeddable":true,"href":"https:\/\/encuentroinformativo.com.mx\/index.php?rest_route=\/wp\/v2\/media\/6993"}],"wp:attachment":[{"href":"https:\/\/encuentroinformativo.com.mx\/index.php?rest_route=%2Fwp%2Fv2%2Fmedia&parent=6992"}],"wp:term":[{"taxonomy":"category","embeddable":true,"href":"https:\/\/encuentroinformativo.com.mx\/index.php?rest_route=%2Fwp%2Fv2%2Fcategories&post=6992"},{"taxonomy":"post_tag","embeddable":true,"href":"https:\/\/encuentroinformativo.com.mx\/index.php?rest_route=%2Fwp%2Fv2%2Ftags&post=6992"}],"curies":[{"name":"wp","href":"https:\/\/api.w.org\/{rel}","templated":true}]}}