{"id":69926,"date":"2025-08-11T11:04:43","date_gmt":"2025-08-11T17:04:43","guid":{"rendered":"https:\/\/encuentroinformativo.com.mx\/?p=69926"},"modified":"2025-08-11T11:04:43","modified_gmt":"2025-08-11T17:04:43","slug":"tras-agresion-a-periodista-en-soledad-de-doblado-autoridades-locales-omiten-respaldo","status":"publish","type":"post","link":"https:\/\/encuentroinformativo.com.mx\/?p=69926","title":{"rendered":"Tras agresi\u00f3n a periodista en Soledad de Doblado, autoridades locales omiten respaldo\u00a0"},"content":{"rendered":"<p><strong>Alejandro \u00c1vila<\/strong><\/p>\n<p>Soledad de Doblado, Ver.- Horas despu\u00e9s de haber sido violentada el autom\u00f3vil del comunicador Jes\u00fas Vichiquet, la alcaldesa de Soledad de Doblado, Malitzin S\u00e1nchez Sol\u00eds, le neg\u00f3 el apoyo para esclarecer lo sucedido.<\/p>\n<p>&#8220;No tenemos ni siquiera el respaldo de las autoridades municipales de Soledad de Doblado, hoy recibo un mensaje, le hago de su conocimiento a la presidenta municipal Malitzin S\u00e1nchez Sol\u00eds acerca de los hechos y le pido su apoyo, me contesta por medio de un mensaje dici\u00e9ndome, pues habl\u00e9 con la persona y dijo esto, pero eso es para que tambi\u00e9n t\u00fa tengas cuidado de andar hablando cosas y de de decir, o sea imag\u00ednense una autoridad municipal con ese pensamiento y con esa forma de expresarse, no pues te lo buscaste te chingas, &#8220;, se\u00f1al\u00f3 el comunicador en una transmisi\u00f3n en vivo.<\/p>\n<p>Cabe mencionar que, la madrugada del pasado 9 de agosto la unidad m\u00f3vil del comunicador fue violentada afuera de su domicilio, donde le apedrearon el parabrisas, tras presuntamente criticar a los grupos musicales que dar\u00e1n show en las pr\u00f3ximas fiestas de la Candelaria, cuando entre la nueva administraci\u00f3n.<\/p>\n<p>El comunicador solicit\u00f3 la intervenci\u00f3n de la gobernadora Roc\u00edo Nalhe y la Fiscal\u00eda General del Estado para que esto no sea el inicio de atentados y ataques en contra de comunicadores por ejercer su libertad de expresi\u00f3n.<\/p>\n","protected":false},"excerpt":{"rendered":"<p>Alejandro \u00c1vila Soledad de Doblado, Ver.- Horas despu\u00e9s de haber sido violentada el autom\u00f3vil del comunicador Jes\u00fas Vichiquet, la alcaldesa de Soledad de Doblado, Malitzin S\u00e1nchez Sol\u00eds, le neg\u00f3 el apoyo para esclarecer lo sucedido. &#8220;No tenemos ni siquiera el respaldo de las autoridades municipales de Soledad de Doblado, hoy recibo un mensaje, le hago [&hellip;]<\/p>\n","protected":false},"author":2476,"featured_media":69927,"comment_status":"open","ping_status":"open","sticky":false,"template":"","format":"standard","meta":{"_jetpack_memberships_contains_paid_content":false,"footnotes":""},"categories":[2],"tags":[],"class_list":["post-69926","post","type-post","status-publish","format-standard","has-post-thumbnail","hentry","category-estado"],"jetpack_featured_media_url":"https:\/\/encuentroinformativo.com.mx\/wp-content\/uploads\/2025\/08\/Screenshot_20250811-1101342.png","jetpack_sharing_enabled":true,"jetpack_likes_enabled":true,"amp_enabled":true,"_links":{"self":[{"href":"https:\/\/encuentroinformativo.com.mx\/index.php?rest_route=\/wp\/v2\/posts\/69926","targetHints":{"allow":["GET"]}}],"collection":[{"href":"https:\/\/encuentroinformativo.com.mx\/index.php?rest_route=\/wp\/v2\/posts"}],"about":[{"href":"https:\/\/encuentroinformativo.com.mx\/index.php?rest_route=\/wp\/v2\/types\/post"}],"author":[{"embeddable":true,"href":"https:\/\/encuentroinformativo.com.mx\/index.php?rest_route=\/wp\/v2\/users\/2476"}],"replies":[{"embeddable":true,"href":"https:\/\/encuentroinformativo.com.mx\/index.php?rest_route=%2Fwp%2Fv2%2Fcomments&post=69926"}],"version-history":[{"count":1,"href":"https:\/\/encuentroinformativo.com.mx\/index.php?rest_route=\/wp\/v2\/posts\/69926\/revisions"}],"predecessor-version":[{"id":69928,"href":"https:\/\/encuentroinformativo.com.mx\/index.php?rest_route=\/wp\/v2\/posts\/69926\/revisions\/69928"}],"wp:featuredmedia":[{"embeddable":true,"href":"https:\/\/encuentroinformativo.com.mx\/index.php?rest_route=\/wp\/v2\/media\/69927"}],"wp:attachment":[{"href":"https:\/\/encuentroinformativo.com.mx\/index.php?rest_route=%2Fwp%2Fv2%2Fmedia&parent=69926"}],"wp:term":[{"taxonomy":"category","embeddable":true,"href":"https:\/\/encuentroinformativo.com.mx\/index.php?rest_route=%2Fwp%2Fv2%2Fcategories&post=69926"},{"taxonomy":"post_tag","embeddable":true,"href":"https:\/\/encuentroinformativo.com.mx\/index.php?rest_route=%2Fwp%2Fv2%2Ftags&post=69926"}],"curies":[{"name":"wp","href":"https:\/\/api.w.org\/{rel}","templated":true}]}}