{"id":69938,"date":"2025-08-11T12:48:39","date_gmt":"2025-08-11T18:48:39","guid":{"rendered":"https:\/\/encuentroinformativo.com.mx\/?p=69938"},"modified":"2025-08-11T12:48:39","modified_gmt":"2025-08-11T18:48:39","slug":"confian-colectivos-que-atenderan-rezagos-en-comision-de-busqueda","status":"publish","type":"post","link":"https:\/\/encuentroinformativo.com.mx\/?p=69938","title":{"rendered":"Conf\u00edan Colectivos que atender\u00e1n rezagos en Comisi\u00f3n de B\u00fasqueda"},"content":{"rendered":"<p><strong>Dar\u00edo Pale<\/strong><\/p>\n<p>Xalapa, Ver.- Lidia Lara y Susana Garc\u00eda, de Colectivo Justicia y Dignidad del Puerto de Veracruz se\u00f1alaron que, la Comisi\u00f3n Estatal de B\u00fasqueda de Personas tiene carencias en varios rubros desde especialistas, herramientas y equipo.<\/p>\n<p>En entrevista dieron a conocer que, &#8220;s\u00ed, mira, carencias hay, esto es una realidad, la Comisi\u00f3n de B\u00fasqueda tiene carencias. Claro que sabemos que de la noche a la ma\u00f1ana no se va a suplir todo&#8221;.<\/p>\n<p>Sin embargo, se\u00f1al\u00f3 que han tenido acercamientos con la titular del organismo y confi\u00f3 en que Lutgarda Madrigal va a fortalecer el trabajo con expertos para b\u00fasqueda, pero lament\u00f3 que con el cambio de gobierno muchas personas renunciaron y a otros se les acab\u00f3 el contrato.<\/p>\n<p>Asimismo, indic\u00f3 que conf\u00edan en que ella va a contratar expertos para continuar con todas las b\u00fasquedas a trav\u00e9s del Estado.<\/p>\n<p>En cuanto a carencias, reiter\u00f3 que falta equipo, &#8220;realmente para todas las b\u00fasquedas que hay, pues el equipo se va desgastando, la herramienta se va acabando y ese es uno de los intereses que tiene la maestra, fortalecer a la Comisi\u00f3n de B\u00fasqueda, tanto en equipo como personal&#8221;.<\/p>\n<p>Acerca de las b\u00fasquedas, indic\u00f3 que est\u00e1n trabajando en Xalapa, aunque por seguridad no pueden decir la ubicaci\u00f3n.<\/p>\n<p>Con relaci\u00f3n a las b\u00fasquedas en vida que realizan en los penales, indic\u00f3 que van con temor pero con mucha fe, pues las reglas ah\u00ed son diferentes.<\/p>\n<p>Puso como ejemplo el penal de Poza Rica, donde tuvieron un posible positivo, &#8220;as\u00ed le llamamos nosotros, donde nos marcan un punto y nosotros, bueno, a trav\u00e9s de eso lo vamos trabajando con Comisi\u00f3n de B\u00fasqueda y Fiscal\u00eda y bueno, ahorita, si Dios quiere, van a iniciar tambi\u00e9n nuestro trabajo&#8221;.<\/p>\n<p>El Colectivo Justicia y Dignidad Veracruz agrupa a m\u00e1s de 150 familias, &#8220;buscamos m\u00e1s de 200 personas, ya que hay compa\u00f1eras que tienen 3, 4 familiares desaparecidos. Entonces, pues s\u00ed somos 150, buscamos a m\u00e1s de 200 familiares desaparecidos&#8221;.<\/p>\n<p>Finalmente Lidia Lara y Susana Garc\u00eda del Colectivo Justicia y Dignidad Veracruz invitaron este 30 de agosto, a conmemorar el D\u00eda del Desaparecido, en Veracruz Puerto, en el asta bandera, a las 6 de la tarde, a una velada por familiares desaparecidos.<\/p>\n","protected":false},"excerpt":{"rendered":"<p>Dar\u00edo Pale Xalapa, Ver.- Lidia Lara y Susana Garc\u00eda, de Colectivo Justicia y Dignidad del Puerto de Veracruz se\u00f1alaron que, la Comisi\u00f3n Estatal de B\u00fasqueda de Personas tiene carencias en varios rubros desde especialistas, herramientas y equipo. En entrevista dieron a conocer que, &#8220;s\u00ed, mira, carencias hay, esto es una realidad, la Comisi\u00f3n de B\u00fasqueda [&hellip;]<\/p>\n","protected":false},"author":2476,"featured_media":69939,"comment_status":"open","ping_status":"open","sticky":false,"template":"","format":"standard","meta":{"_jetpack_memberships_contains_paid_content":false,"footnotes":""},"categories":[3],"tags":[],"class_list":["post-69938","post","type-post","status-publish","format-standard","has-post-thumbnail","hentry","category-xalapa"],"jetpack_featured_media_url":"https:\/\/encuentroinformativo.com.mx\/wp-content\/uploads\/2025\/08\/IMG-20250811-WA01242.jpg","jetpack_sharing_enabled":true,"jetpack_likes_enabled":true,"amp_enabled":true,"_links":{"self":[{"href":"https:\/\/encuentroinformativo.com.mx\/index.php?rest_route=\/wp\/v2\/posts\/69938","targetHints":{"allow":["GET"]}}],"collection":[{"href":"https:\/\/encuentroinformativo.com.mx\/index.php?rest_route=\/wp\/v2\/posts"}],"about":[{"href":"https:\/\/encuentroinformativo.com.mx\/index.php?rest_route=\/wp\/v2\/types\/post"}],"author":[{"embeddable":true,"href":"https:\/\/encuentroinformativo.com.mx\/index.php?rest_route=\/wp\/v2\/users\/2476"}],"replies":[{"embeddable":true,"href":"https:\/\/encuentroinformativo.com.mx\/index.php?rest_route=%2Fwp%2Fv2%2Fcomments&post=69938"}],"version-history":[{"count":1,"href":"https:\/\/encuentroinformativo.com.mx\/index.php?rest_route=\/wp\/v2\/posts\/69938\/revisions"}],"predecessor-version":[{"id":69940,"href":"https:\/\/encuentroinformativo.com.mx\/index.php?rest_route=\/wp\/v2\/posts\/69938\/revisions\/69940"}],"wp:featuredmedia":[{"embeddable":true,"href":"https:\/\/encuentroinformativo.com.mx\/index.php?rest_route=\/wp\/v2\/media\/69939"}],"wp:attachment":[{"href":"https:\/\/encuentroinformativo.com.mx\/index.php?rest_route=%2Fwp%2Fv2%2Fmedia&parent=69938"}],"wp:term":[{"taxonomy":"category","embeddable":true,"href":"https:\/\/encuentroinformativo.com.mx\/index.php?rest_route=%2Fwp%2Fv2%2Fcategories&post=69938"},{"taxonomy":"post_tag","embeddable":true,"href":"https:\/\/encuentroinformativo.com.mx\/index.php?rest_route=%2Fwp%2Fv2%2Ftags&post=69938"}],"curies":[{"name":"wp","href":"https:\/\/api.w.org\/{rel}","templated":true}]}}