{"id":69951,"date":"2025-08-11T14:39:02","date_gmt":"2025-08-11T20:39:02","guid":{"rendered":"https:\/\/encuentroinformativo.com.mx\/?p=69951"},"modified":"2025-08-11T14:39:02","modified_gmt":"2025-08-11T20:39:02","slug":"barrio-la-huaca-celebra-decimo-aniversario-del-festival-de-la-gorda-y-la-picada","status":"publish","type":"post","link":"https:\/\/encuentroinformativo.com.mx\/?p=69951","title":{"rendered":"Barrio La Huaca celebra d\u00e9cimo aniversario del Festival de la Gorda y la Picada"},"content":{"rendered":"<p><strong>Alejandro \u00c1vila<\/strong><\/p>\n<p>Veracruz, Ver.- El emblem\u00e1tico barrio de La Huaca en el puerto de Veracruz celebrar el pr\u00f3ximo 12 de agosto la d\u00e9cima edici\u00f3n del Festival de la Gorda y la Picada.<\/p>\n<p>En esta ocasi\u00f3n los festejos iniciar\u00e1n el martes 12 y terminar\u00e1n el domingo 17 de agosto, se\u00f1al\u00f3 la vocera del evento, Noem\u00ed Palomino.<\/p>\n<p>Los 15 establecimientos que participar\u00e1n abrir\u00e1n sus puertas para recibir a los locales y turistas a partir de las 8 de la ma\u00f1ana y hasta entrada la noche.<\/p>\n<p>\u201cDesde muy temprano van a estar, hasta que el cuerpo aguante, la importancia de seguir haciendo esto es que somos el pueblo veracruzano\u201d, coment\u00f3.<\/p>\n<p>Coment\u00f3 que este martes el festival iniciar\u00e1 con la bendici\u00f3n de los alimentos y posteriormente con un conversatorio sobre la importancia de la gastronom\u00eda jarocha en el Cafe El Alba del centro hist\u00f3rico.<\/p>\n<p>Asimismo habr\u00e1 un fandango y danz\u00f3n durante la noche como parte de la celebraci\u00f3n del festival donde se ofrecer\u00e1n diversos antojitos veracruzanos.<\/p>\n","protected":false},"excerpt":{"rendered":"<p>Alejandro \u00c1vila Veracruz, Ver.- El emblem\u00e1tico barrio de La Huaca en el puerto de Veracruz celebrar el pr\u00f3ximo 12 de agosto la d\u00e9cima edici\u00f3n del Festival de la Gorda y la Picada. En esta ocasi\u00f3n los festejos iniciar\u00e1n el martes 12 y terminar\u00e1n el domingo 17 de agosto, se\u00f1al\u00f3 la vocera del evento, Noem\u00ed Palomino. [&hellip;]<\/p>\n","protected":false},"author":2476,"featured_media":69952,"comment_status":"open","ping_status":"open","sticky":false,"template":"","format":"standard","meta":{"_jetpack_memberships_contains_paid_content":false,"footnotes":""},"categories":[2],"tags":[],"class_list":["post-69951","post","type-post","status-publish","format-standard","has-post-thumbnail","hentry","category-estado"],"jetpack_featured_media_url":"https:\/\/encuentroinformativo.com.mx\/wp-content\/uploads\/2025\/08\/IMG-20250811-WA0187.jpg","jetpack_sharing_enabled":true,"jetpack_likes_enabled":true,"amp_enabled":true,"_links":{"self":[{"href":"https:\/\/encuentroinformativo.com.mx\/index.php?rest_route=\/wp\/v2\/posts\/69951","targetHints":{"allow":["GET"]}}],"collection":[{"href":"https:\/\/encuentroinformativo.com.mx\/index.php?rest_route=\/wp\/v2\/posts"}],"about":[{"href":"https:\/\/encuentroinformativo.com.mx\/index.php?rest_route=\/wp\/v2\/types\/post"}],"author":[{"embeddable":true,"href":"https:\/\/encuentroinformativo.com.mx\/index.php?rest_route=\/wp\/v2\/users\/2476"}],"replies":[{"embeddable":true,"href":"https:\/\/encuentroinformativo.com.mx\/index.php?rest_route=%2Fwp%2Fv2%2Fcomments&post=69951"}],"version-history":[{"count":1,"href":"https:\/\/encuentroinformativo.com.mx\/index.php?rest_route=\/wp\/v2\/posts\/69951\/revisions"}],"predecessor-version":[{"id":69953,"href":"https:\/\/encuentroinformativo.com.mx\/index.php?rest_route=\/wp\/v2\/posts\/69951\/revisions\/69953"}],"wp:featuredmedia":[{"embeddable":true,"href":"https:\/\/encuentroinformativo.com.mx\/index.php?rest_route=\/wp\/v2\/media\/69952"}],"wp:attachment":[{"href":"https:\/\/encuentroinformativo.com.mx\/index.php?rest_route=%2Fwp%2Fv2%2Fmedia&parent=69951"}],"wp:term":[{"taxonomy":"category","embeddable":true,"href":"https:\/\/encuentroinformativo.com.mx\/index.php?rest_route=%2Fwp%2Fv2%2Fcategories&post=69951"},{"taxonomy":"post_tag","embeddable":true,"href":"https:\/\/encuentroinformativo.com.mx\/index.php?rest_route=%2Fwp%2Fv2%2Ftags&post=69951"}],"curies":[{"name":"wp","href":"https:\/\/api.w.org\/{rel}","templated":true}]}}