{"id":69954,"date":"2025-08-11T17:52:34","date_gmt":"2025-08-11T23:52:34","guid":{"rendered":"https:\/\/encuentroinformativo.com.mx\/?p=69954"},"modified":"2025-08-11T17:52:34","modified_gmt":"2025-08-11T23:52:34","slug":"mc-asegura-que-julian-ramos-sera-reconocido-como-alcalde-de-ciudad-mendoza","status":"publish","type":"post","link":"https:\/\/encuentroinformativo.com.mx\/?p=69954","title":{"rendered":"MC asegura que Juli\u00e1n Ramos ser\u00e1 reconocido como alcalde de Ciudad Mendoza"},"content":{"rendered":"<p>C\u00f3rdoba, Ver.- El dirigente estatal de Movimiento Ciudadano (MC) en Veracruz, Luis Carbonell de la Hoz, afirm\u00f3 que el Tribunal Electoral dar\u00e1 la raz\u00f3n a su partido y declarar\u00e1 a Juli\u00e1n Benigno Ramos Hern\u00e1ndez como presidente municipal de Camerino Z. Mendoza.<\/p>\n<p>En conferencia de prensa, Carbonell calific\u00f3 como un \u201crobo\u201d electoral el resultado oficial, que favoreci\u00f3 al candidato del partido en el poder, y record\u00f3 que la diferencia final fue de menos de 200 votos. Dijo que cuentan con pruebas s\u00f3lidas para respaldar la impugnaci\u00f3n, la cual, confi\u00f3, se resolver\u00e1 antes del 15 de septiembre.<\/p>\n<p>\u201cEl que pierde no es Juli\u00e1n ni MC; pierde una generaci\u00f3n de mendocinos que quiere un gobierno honesto, no uno que vea el presupuesto como bot\u00edn\u201d, se\u00f1al\u00f3.<\/p>\n<p>El coordinador estatal mencion\u00f3 que situaciones similares ocurrieron en Medell\u00edn, Poza Rica y Papantla, donde tambi\u00e9n impugnaron por presuntas irregularidades. Adem\u00e1s, relacion\u00f3 la crisis de inseguridad en la regi\u00f3n con la necesidad de autoridades transparentes, citando el caso de Maltrata, donde se han registrado robos, secuestros y ataques armados.<\/p>\n<p>Actualmente, MC asegura tener 41 alcald\u00edas ganadas en Veracruz y mantiene procesos legales en otros municipios con resultados cerrados. \u201cConfiamos en que se har\u00e1 justicia. Mendoza merece recuperar su grandeza\u201d, concluy\u00f3.<\/p>\n","protected":false},"excerpt":{"rendered":"<p>C\u00f3rdoba, Ver.- El dirigente estatal de Movimiento Ciudadano (MC) en Veracruz, Luis Carbonell de la Hoz, afirm\u00f3 que el Tribunal Electoral dar\u00e1 la raz\u00f3n a su partido y declarar\u00e1 a Juli\u00e1n Benigno Ramos Hern\u00e1ndez como presidente municipal de Camerino Z. Mendoza. En conferencia de prensa, Carbonell calific\u00f3 como un \u201crobo\u201d electoral el resultado oficial, que [&hellip;]<\/p>\n","protected":false},"author":2476,"featured_media":69955,"comment_status":"open","ping_status":"open","sticky":false,"template":"","format":"standard","meta":{"_jetpack_memberships_contains_paid_content":false,"footnotes":""},"categories":[2],"tags":[],"class_list":["post-69954","post","type-post","status-publish","format-standard","has-post-thumbnail","hentry","category-estado"],"jetpack_featured_media_url":"https:\/\/encuentroinformativo.com.mx\/wp-content\/uploads\/2025\/08\/Screenshot_20250811-174918.png","jetpack_sharing_enabled":true,"jetpack_likes_enabled":true,"amp_enabled":true,"_links":{"self":[{"href":"https:\/\/encuentroinformativo.com.mx\/index.php?rest_route=\/wp\/v2\/posts\/69954","targetHints":{"allow":["GET"]}}],"collection":[{"href":"https:\/\/encuentroinformativo.com.mx\/index.php?rest_route=\/wp\/v2\/posts"}],"about":[{"href":"https:\/\/encuentroinformativo.com.mx\/index.php?rest_route=\/wp\/v2\/types\/post"}],"author":[{"embeddable":true,"href":"https:\/\/encuentroinformativo.com.mx\/index.php?rest_route=\/wp\/v2\/users\/2476"}],"replies":[{"embeddable":true,"href":"https:\/\/encuentroinformativo.com.mx\/index.php?rest_route=%2Fwp%2Fv2%2Fcomments&post=69954"}],"version-history":[{"count":1,"href":"https:\/\/encuentroinformativo.com.mx\/index.php?rest_route=\/wp\/v2\/posts\/69954\/revisions"}],"predecessor-version":[{"id":69956,"href":"https:\/\/encuentroinformativo.com.mx\/index.php?rest_route=\/wp\/v2\/posts\/69954\/revisions\/69956"}],"wp:featuredmedia":[{"embeddable":true,"href":"https:\/\/encuentroinformativo.com.mx\/index.php?rest_route=\/wp\/v2\/media\/69955"}],"wp:attachment":[{"href":"https:\/\/encuentroinformativo.com.mx\/index.php?rest_route=%2Fwp%2Fv2%2Fmedia&parent=69954"}],"wp:term":[{"taxonomy":"category","embeddable":true,"href":"https:\/\/encuentroinformativo.com.mx\/index.php?rest_route=%2Fwp%2Fv2%2Fcategories&post=69954"},{"taxonomy":"post_tag","embeddable":true,"href":"https:\/\/encuentroinformativo.com.mx\/index.php?rest_route=%2Fwp%2Fv2%2Ftags&post=69954"}],"curies":[{"name":"wp","href":"https:\/\/api.w.org\/{rel}","templated":true}]}}