{"id":69964,"date":"2025-08-12T09:40:34","date_gmt":"2025-08-12T15:40:34","guid":{"rendered":"https:\/\/encuentroinformativo.com.mx\/?p=69964"},"modified":"2025-08-12T09:40:34","modified_gmt":"2025-08-12T15:40:34","slug":"dialogos-en-el-inframundo-moreno","status":"publish","type":"post","link":"https:\/\/encuentroinformativo.com.mx\/?p=69964","title":{"rendered":"DI\u00c1LOGOS EN EL INFRAMUNDO\u2026 MORENO"},"content":{"rendered":"<p dir=\"ltr\"><strong>Los Pol\u00edticos\u00a0<\/strong><\/p>\n<p dir=\"ltr\"><strong>Salvador Mu\u00f1oz<\/strong><\/p>\n<p dir=\"ltr\">El celular son\u00f3 y Esteban, viendo qui\u00e9n llamaba, no dej\u00f3 escapar de cierto modo, una sonrisa triunfal, burlona, de satisfacci\u00f3n pero de la mala.<\/p>\n<p dir=\"ltr\">\u2013Ya afloj\u00f3\u2013 pudo adivinarse en su rostro como si fuera un letrero de luces de ne\u00f3n anunciando un espect\u00e1culo nocturno\u2026<\/p>\n<p dir=\"ltr\">\u2013Manolito! Qu\u00e9 milagro que me llamas?<\/p>\n<p dir=\"ltr\">Del otro lado del celular, Manuel, quien tratando de mantener serenidad en su voz, le dijo a Esteban:<\/p>\n<p dir=\"ltr\">\u2013Ya Esteban! Ponte a trabajar! Nom\u00e1s te haces guaje!<\/p>\n<p dir=\"ltr\">\u2013Huy, perd\u00f3n se\u00f1or Senador chambeador! Habr\u00e1 que ver qu\u00e9 tanto trabaj\u00f3 en la C\u00e1mara Alta ahora que cumpla el a\u00f1o en el esca\u00f1o\u2026<\/p>\n<p dir=\"ltr\">\u2013Es ca\u00f1o a donde llevas al partido\u2026 no te veo tama\u00f1os para dirigirlo\u2026 y te recuerdo que yo soy Fundador\u2026<\/p>\n<p dir=\"ltr\">\u2013Y yo, Presidente, con hielo y Coca-Cola\u2026<\/p>\n<p dir=\"ltr\">\u2013Ahora hasta comediante me saliste, Esteban\u2026<\/p>\n<p dir=\"ltr\">\u2013Mejor comediante que Judas! Primero, muy s\u00e1cale-punta con los Yunes, y ahora, hasta de piquete de\u2026<\/p>\n<p dir=\"ltr\">\u2013Culei! Te viste bien culei en Poza Rica tir\u00e1ndome carrilla\u2026 recuerda que como fundador de Morena, yo apoyo al Movimiento\u2026<\/p>\n<p dir=\"ltr\">\u2013Pero Ciudadano! Ah\u00ed anda agradeciendo Emilio Olvera todo el apoyo que le brindaste\u2026<\/p>\n<p dir=\"ltr\">\u2013A lo mejor me confundi\u00f3 con Sergio Gil Rull\u00e1n\u2026 ya ves que somos como de la misma rodada!<\/p>\n<p dir=\"ltr\">\u2013No seas c\u00ednico! Desde que te juntas con Ad\u00e1n, te veo muy Augusto criticando a nuestra Gobernadora\u2026<\/p>\n<p dir=\"ltr\">\u2013Huy, perd\u00f3n Se\u00f1or Foca, que nada m\u00e1s est\u00e1 para aplaudirle a la Gobernadora, pero es de pol\u00edticos se\u00f1alarle sus errores\u2026<\/p>\n<p dir=\"ltr\">\u2013Cu\u00e1les errores?<\/p>\n<p dir=\"ltr\">\u2013El que hizo conmigo al darme esperanzas!<\/p>\n<p dir=\"ltr\">\u2013Cu\u00e1les esperanzas?<\/p>\n<p dir=\"ltr\">\u2013Mira! A m\u00ed me bajaron al 2 en las encuestas para candidato a Gobernador\u2026<\/p>\n<p dir=\"ltr\">\u2013S\u00ed!<\/p>\n<p dir=\"ltr\">\u2013Luego, en las candidaturas para el Senado, igual me bajaron al 2\u2026<\/p>\n<p dir=\"ltr\">\u2013Cierto!<\/p>\n<p dir=\"ltr\">\u2013Luego entonces, la l\u00f3gica indicaba que en su Gabinete Yo iba a ser el 2\u2026<\/p>\n<p dir=\"ltr\">\u2013Pues estuviste a nada de ser el 2 pero acabaste por hacerte del 2 cuando te aliaste con Ad\u00e1n y los Yunes!<\/p>\n<p dir=\"ltr\">\u2013Son alianzas estrat\u00e9gicas\u2026<\/p>\n<p dir=\"ltr\">\u2013Y lo de Movimiento Ciudadano?<\/p>\n<p dir=\"ltr\">\u2013Alianza\u2026<\/p>\n<p dir=\"ltr\">\u2013Y lo de Emilio Olvera?<\/p>\n<p dir=\"ltr\">\u2013Es mi hijo putativo\u2026 yo lo hice\u2026<\/p>\n<p dir=\"ltr\">\u2013Ya ves! Sigues haciendo del 2!<\/p>\n<p dir=\"ltr\">\u2013El asunto es que no le veo pies ni cabeza al partido\u2026<\/p>\n<p dir=\"ltr\">\u2013Cabeza hay\u2026 pies, eso s\u00ed te creo, porque con esa panzota que te cargas, algo m\u00e1s que los pies es seguro que no te veas!<\/p>\n<p dir=\"ltr\">\u2013Insolente! Te recuerdo que soy Fundador\u2026<\/p>\n<p dir=\"ltr\">\u2013Pues como vas, terminar\u00e1s como fundi\u2026<\/p>\n<p dir=\"ltr\">\u2013Yo te recordar\u00e9 tus palabras en el 2027\u2026 porque como vas\u2026 bip! bip! bip!<\/p>\n<p dir=\"ltr\">(El saldo de tu amigo se ha agotado\u2026 te sugerimos adquirir una nueva ficha con tu distribuidor autorizado Telcel)<\/p>\n<p dir=\"ltr\">Manuel se qued\u00f3 refunfu\u00f1ando mientras se dirig\u00eda a un Oxxo\u2026 mientras, Esteban acababa de bloquear el cel de Manolo\u2026<\/p>\n<p dir=\"ltr\">*Di\u00e1logo ficticio. Cualquier coincidencia con la realidad, es pura chiripa.<\/p>\n","protected":false},"excerpt":{"rendered":"<p>Los Pol\u00edticos\u00a0 Salvador Mu\u00f1oz El celular son\u00f3 y Esteban, viendo qui\u00e9n llamaba, no dej\u00f3 escapar de cierto modo, una sonrisa triunfal, burlona, de satisfacci\u00f3n pero de la mala. \u2013Ya afloj\u00f3\u2013 pudo adivinarse en su rostro como si fuera un letrero de luces de ne\u00f3n anunciando un espect\u00e1culo nocturno\u2026 \u2013Manolito! Qu\u00e9 milagro que me llamas? Del [&hellip;]<\/p>\n","protected":false},"author":2476,"featured_media":387,"comment_status":"open","ping_status":"open","sticky":false,"template":"","format":"standard","meta":{"_jetpack_memberships_contains_paid_content":false,"footnotes":""},"categories":[11],"tags":[],"class_list":["post-69964","post","type-post","status-publish","format-standard","has-post-thumbnail","hentry","category-opinion"],"jetpack_featured_media_url":"https:\/\/encuentroinformativo.com.mx\/wp-content\/uploads\/2020\/03\/7CF8A22B-2764-47BE-8F7F-38FE9E5D6A2F.jpeg","jetpack_sharing_enabled":true,"jetpack_likes_enabled":true,"amp_enabled":true,"_links":{"self":[{"href":"https:\/\/encuentroinformativo.com.mx\/index.php?rest_route=\/wp\/v2\/posts\/69964","targetHints":{"allow":["GET"]}}],"collection":[{"href":"https:\/\/encuentroinformativo.com.mx\/index.php?rest_route=\/wp\/v2\/posts"}],"about":[{"href":"https:\/\/encuentroinformativo.com.mx\/index.php?rest_route=\/wp\/v2\/types\/post"}],"author":[{"embeddable":true,"href":"https:\/\/encuentroinformativo.com.mx\/index.php?rest_route=\/wp\/v2\/users\/2476"}],"replies":[{"embeddable":true,"href":"https:\/\/encuentroinformativo.com.mx\/index.php?rest_route=%2Fwp%2Fv2%2Fcomments&post=69964"}],"version-history":[{"count":1,"href":"https:\/\/encuentroinformativo.com.mx\/index.php?rest_route=\/wp\/v2\/posts\/69964\/revisions"}],"predecessor-version":[{"id":69965,"href":"https:\/\/encuentroinformativo.com.mx\/index.php?rest_route=\/wp\/v2\/posts\/69964\/revisions\/69965"}],"wp:featuredmedia":[{"embeddable":true,"href":"https:\/\/encuentroinformativo.com.mx\/index.php?rest_route=\/wp\/v2\/media\/387"}],"wp:attachment":[{"href":"https:\/\/encuentroinformativo.com.mx\/index.php?rest_route=%2Fwp%2Fv2%2Fmedia&parent=69964"}],"wp:term":[{"taxonomy":"category","embeddable":true,"href":"https:\/\/encuentroinformativo.com.mx\/index.php?rest_route=%2Fwp%2Fv2%2Fcategories&post=69964"},{"taxonomy":"post_tag","embeddable":true,"href":"https:\/\/encuentroinformativo.com.mx\/index.php?rest_route=%2Fwp%2Fv2%2Ftags&post=69964"}],"curies":[{"name":"wp","href":"https:\/\/api.w.org\/{rel}","templated":true}]}}