{"id":69966,"date":"2025-08-12T12:24:15","date_gmt":"2025-08-12T18:24:15","guid":{"rendered":"https:\/\/encuentroinformativo.com.mx\/?p=69966"},"modified":"2025-08-12T12:24:15","modified_gmt":"2025-08-12T18:24:15","slug":"derechohabientes-del-issste-afectados-por-falta-de-aire-acondicionado","status":"publish","type":"post","link":"https:\/\/encuentroinformativo.com.mx\/?p=69966","title":{"rendered":"Derechohabientes del ISSSTE afectados por falta de aire acondicionado\u00a0"},"content":{"rendered":"<p><strong>Alejandro \u00c1vila<\/strong><\/p>\n<p>Veracruz, Ver.- La falta de aire acondicionado en la cl\u00ednica del ISSSTE ubicada en la avenida Salvador D\u00edaz Mir\u00f3n del municipio de Veracruz afecta a 1.3 millones de derechohabientes, se\u00f1alaron agremiados del Sindicato \u00danico de Trabajadores del ISSSTE (SUTISSSTE).<\/p>\n<p>&#8220;Si me dice, qui\u00e9nes est\u00e1n afectados, todos (&#8230;) somos un hospital de concentraci\u00f3n, todo el estado nos env\u00eda y tenemos m\u00e1s del 80 por ciento de gente que viene de cualquier otro lado, fuera del \u00e1rea de Veracruz conurbado. S\u00ed tenemos 10 millones, estimado, 13 millones de derechohabientes del ISSSTE a nivel nacional, nosotros recibimos aproximadamente el 10 por ciento, estamos hablando de un mill\u00f3n 300 mil gente pueden ser afectadas (&#8230;) siempre estamos al tope, nosotros tenemos una capacidad de 200 camas estables y estamos al tope&#8221;, detall\u00f3 Mario Emilio Lozano Flores, jefe de Servicio y secretario de Conflictos del Comit\u00e9 Ejecutivo Nacional.<\/p>\n<p>En rueda de prensa confirmaron que, empleados han sufrido golpes de calor y han tenido que salir de sus horarios laborales para ser atendidos e incluso regresarse a sus hogares; adem\u00e1s han sufrido agresiones verbales de los derechohabientes, qui\u00e9nes asocian (err\u00f3neamente) la p\u00e9sima temperatura con negligencia m\u00e9dica o falta de inter\u00e9s del personal m\u00e9dico; por si fuera poco las condiciones climatol\u00f3gicas aumentan el riesgo de infecciones bacteriales que afectan a los pacientes.<\/p>\n<p>&#8220;Este caso no es de ahorita es de 2023, anteriores administraciones dejaron hecho un caos el hospital ISSSTE Veracruz por muchas cosas, y carencias que esta actual administraci\u00f3n est\u00e1 asumiendo; sin embargo, estamos como sindicato y como trabajadores en conjunto tratando de que esto se solucione a trav\u00e9s del di\u00e1logo, a trav\u00e9s de nuestras gestiones que ustedes ya se les mostr\u00f3, que no son solo uno, dos o tres oficios, son varios oficios que se est\u00e1n mandando tanto a nivel nacional como a nivel local para que llega a las autoridades competentes y nos puedan solucionar este problema&#8221;, expres\u00f3 Hilda Morales Arias, secretar\u00eda general de SUTISSSTE secci\u00f3n XV Veracruz.<\/p>\n","protected":false},"excerpt":{"rendered":"<p>Alejandro \u00c1vila Veracruz, Ver.- La falta de aire acondicionado en la cl\u00ednica del ISSSTE ubicada en la avenida Salvador D\u00edaz Mir\u00f3n del municipio de Veracruz afecta a 1.3 millones de derechohabientes, se\u00f1alaron agremiados del Sindicato \u00danico de Trabajadores del ISSSTE (SUTISSSTE). &#8220;Si me dice, qui\u00e9nes est\u00e1n afectados, todos (&#8230;) somos un hospital de concentraci\u00f3n, todo [&hellip;]<\/p>\n","protected":false},"author":2476,"featured_media":69967,"comment_status":"open","ping_status":"open","sticky":false,"template":"","format":"standard","meta":{"_jetpack_memberships_contains_paid_content":false,"footnotes":""},"categories":[9],"tags":[],"class_list":["post-69966","post","type-post","status-publish","format-standard","has-post-thumbnail","hentry","category-salud"],"jetpack_featured_media_url":"https:\/\/encuentroinformativo.com.mx\/wp-content\/uploads\/2025\/08\/IMG-20250812-WA00882-scaled.jpg","jetpack_sharing_enabled":true,"jetpack_likes_enabled":true,"amp_enabled":true,"_links":{"self":[{"href":"https:\/\/encuentroinformativo.com.mx\/index.php?rest_route=\/wp\/v2\/posts\/69966","targetHints":{"allow":["GET"]}}],"collection":[{"href":"https:\/\/encuentroinformativo.com.mx\/index.php?rest_route=\/wp\/v2\/posts"}],"about":[{"href":"https:\/\/encuentroinformativo.com.mx\/index.php?rest_route=\/wp\/v2\/types\/post"}],"author":[{"embeddable":true,"href":"https:\/\/encuentroinformativo.com.mx\/index.php?rest_route=\/wp\/v2\/users\/2476"}],"replies":[{"embeddable":true,"href":"https:\/\/encuentroinformativo.com.mx\/index.php?rest_route=%2Fwp%2Fv2%2Fcomments&post=69966"}],"version-history":[{"count":1,"href":"https:\/\/encuentroinformativo.com.mx\/index.php?rest_route=\/wp\/v2\/posts\/69966\/revisions"}],"predecessor-version":[{"id":69968,"href":"https:\/\/encuentroinformativo.com.mx\/index.php?rest_route=\/wp\/v2\/posts\/69966\/revisions\/69968"}],"wp:featuredmedia":[{"embeddable":true,"href":"https:\/\/encuentroinformativo.com.mx\/index.php?rest_route=\/wp\/v2\/media\/69967"}],"wp:attachment":[{"href":"https:\/\/encuentroinformativo.com.mx\/index.php?rest_route=%2Fwp%2Fv2%2Fmedia&parent=69966"}],"wp:term":[{"taxonomy":"category","embeddable":true,"href":"https:\/\/encuentroinformativo.com.mx\/index.php?rest_route=%2Fwp%2Fv2%2Fcategories&post=69966"},{"taxonomy":"post_tag","embeddable":true,"href":"https:\/\/encuentroinformativo.com.mx\/index.php?rest_route=%2Fwp%2Fv2%2Ftags&post=69966"}],"curies":[{"name":"wp","href":"https:\/\/api.w.org\/{rel}","templated":true}]}}