{"id":69969,"date":"2025-08-12T12:31:50","date_gmt":"2025-08-12T18:31:50","guid":{"rendered":"https:\/\/encuentroinformativo.com.mx\/?p=69969"},"modified":"2025-08-12T12:31:50","modified_gmt":"2025-08-12T18:31:50","slug":"extrabajadores-del-ingenio-la-concha-reclaman-pago-de-laudos","status":"publish","type":"post","link":"https:\/\/encuentroinformativo.com.mx\/?p=69969","title":{"rendered":"Extrabajadores del ingenio La Concha, reclaman pago de laudos"},"content":{"rendered":"<p><strong>Dar\u00edo Pale<\/strong><\/p>\n<p>Xalapa, Ver.- Ex trabajadores del ingenio La Concepci\u00f3n \u201cLa Concha\u201d se manifestaron en la plaza Lerdo para solicitar el apoyo de la gobernadora Norma Roc\u00edo Nahle Garc\u00eda, ya que tienen 15 a\u00f1os de que no les han pagado los laudos lo cual son m\u00e1s de 100 millones de pesos.<\/p>\n<p>Entrevistado durante la manifestaci\u00f3n el se\u00f1or Clicerio G\u00f3mez, representante de la asociaci\u00f3n ex trabajadores del Ingenio y la Concepci\u00f3n, secci\u00f3n 101, dio a conocer que tienen m\u00e1s de 15 a\u00f1os con su lucha y los gobiernos anteriores no les han hecho caso, y en esta ocasi\u00f3n vienen a pedir el apoyo de la gobernadora.<\/p>\n<p>\u201cQuiero agradecerle a la gobernadora que me ha hecho caso ella yo le di un documento y ella me hizo caso el problema es que se lo dio a su gente y su gente no nos ha apoyado no nos ha dado respuestas dado en respuestas\u201d, se\u00f1al\u00f3.<\/p>\n<p>\u201cEst\u00e1 el subsecretario de gobierno que a \u00e9l le encomend\u00f3 que arreglara este caso, hasta la fecha no hemos tenido ninguna respuesta, es por eso que ahorita en estos momentos estamos manifest\u00e1ndonos, porque ya hace 15 a\u00f1os que no nos pagan, ya es justo, queremos que la gobernadora nos apoye, porque hemos visto que ha apoyado a m\u00e1s gente, \u00bfY por qu\u00e9 a nosotros no?, entonces aqu\u00ed estamos pac\u00edficamente\u201d, agreg\u00f3.<\/p>\n<p>Coment\u00f3 que de no hacerles caso tendr\u00e1n que regresar a la calle, ya que hace a\u00f1os el due\u00f1o del ingenio no les pag\u00f3 y se fue alargando solo los enga\u00f1aban que les pagar\u00edan y nunca les lleg\u00f3 el pago.<\/p>\n<p>\u201cEl problema es que tambi\u00e9n el laudo est\u00e1 escrito en la Ciudad de M\u00e9xico, y para nosotros que no tenemos el recurso para estar yendo a M\u00e9xico a cada rato, entonces necesitamos que la gobernadora nos apoye porque nosotros no tenemos lo econ\u00f3mico para estar viajando a M\u00e9xico\u201d, coment\u00f3.<\/p>\n<p>Dio a conocer que son 300 obreros los que se ven afectados todos ex trabajadores del ingenio la Concepci\u00f3n, todos tienen la demanda y a cada trabajador le deben m\u00e1s de 100 mil pesos, \u201cahorita m\u00e1s o menos un c\u00e1lculo asciende a m\u00e1s de 100 millones de pesos lo que nos deben a todos\u201d.<\/p>\n<p>El ingenio est\u00e1 en comodato del gobierno del estado, \u201cprecisamente por eso venimos ahorita, porque el gobierno del estado lo tiene a trav\u00e9s de la SEDARPA, quien tiene que darnos tambi\u00e9n la cara a es SEDARPA para que nos diga c\u00f3mo es que tiene el ingenio, porque el due\u00f1o es Rafael Ross Torres, pero \u00e9l se lo rent\u00f3 al gobierno del estado\u201d.<\/p>\n<p>Han estado enviando oficios pero no les hacen caso, por lo que muchos trabajadores tienen que viajar a la ciudad de Xalapa para poder trabajar, otros tienen que salir a otros estados, incluso a otros pa\u00edses.<\/p>\n<p>\u201cHay mucha gente que ya tiene que emigrar porque no tenemos trabajo, es la situaci\u00f3n por la que estamos aqu\u00ed y solicitando a la se\u00f1ora gobernadora que nos apoye con proyectos productivos para que se hagan fuentes de trabajo porque es lo que necesitamos tambi\u00e9n\u201d, inform\u00f3.<\/p>\n<p>Lamentablemente la mayor\u00eda son adultos mayores, m\u00e1s de 60 a\u00f1os, y a\u00fan no pueden pensionarse por la misma situaci\u00f3n en la que est\u00e1n, adem\u00e1s tienen mucha gente enferma la cual no trajeron porque es muy peligrosa y muchos ya fallecieron.<\/p>\n<p><img loading=\"lazy\" decoding=\"async\" class=\"aligncenter size-medium wp-image-69971\" src=\"https:\/\/encuentroinformativo.com.mx\/wp-content\/uploads\/2025\/08\/IMG-20250812-WA01392-300x177.jpg\" alt=\"\" width=\"300\" height=\"177\" srcset=\"https:\/\/encuentroinformativo.com.mx\/wp-content\/uploads\/2025\/08\/IMG-20250812-WA01392-300x177.jpg 300w, https:\/\/encuentroinformativo.com.mx\/wp-content\/uploads\/2025\/08\/IMG-20250812-WA01392-1024x604.jpg 1024w, https:\/\/encuentroinformativo.com.mx\/wp-content\/uploads\/2025\/08\/IMG-20250812-WA01392-768x453.jpg 768w, https:\/\/encuentroinformativo.com.mx\/wp-content\/uploads\/2025\/08\/IMG-20250812-WA01392-1536x906.jpg 1536w, https:\/\/encuentroinformativo.com.mx\/wp-content\/uploads\/2025\/08\/IMG-20250812-WA01392.jpg 1555w\" sizes=\"auto, (max-width: 300px) 100vw, 300px\" \/><\/p>\n","protected":false},"excerpt":{"rendered":"<p>Dar\u00edo Pale Xalapa, Ver.- Ex trabajadores del ingenio La Concepci\u00f3n \u201cLa Concha\u201d se manifestaron en la plaza Lerdo para solicitar el apoyo de la gobernadora Norma Roc\u00edo Nahle Garc\u00eda, ya que tienen 15 a\u00f1os de que no les han pagado los laudos lo cual son m\u00e1s de 100 millones de pesos. Entrevistado durante la manifestaci\u00f3n [&hellip;]<\/p>\n","protected":false},"author":2476,"featured_media":69970,"comment_status":"open","ping_status":"open","sticky":false,"template":"","format":"standard","meta":{"_jetpack_memberships_contains_paid_content":false,"footnotes":""},"categories":[8],"tags":[],"class_list":["post-69969","post","type-post","status-publish","format-standard","has-post-thumbnail","hentry","category-region"],"jetpack_featured_media_url":"https:\/\/encuentroinformativo.com.mx\/wp-content\/uploads\/2025\/08\/IMG-20250812-WA01382.jpg","jetpack_sharing_enabled":true,"jetpack_likes_enabled":true,"amp_enabled":true,"_links":{"self":[{"href":"https:\/\/encuentroinformativo.com.mx\/index.php?rest_route=\/wp\/v2\/posts\/69969","targetHints":{"allow":["GET"]}}],"collection":[{"href":"https:\/\/encuentroinformativo.com.mx\/index.php?rest_route=\/wp\/v2\/posts"}],"about":[{"href":"https:\/\/encuentroinformativo.com.mx\/index.php?rest_route=\/wp\/v2\/types\/post"}],"author":[{"embeddable":true,"href":"https:\/\/encuentroinformativo.com.mx\/index.php?rest_route=\/wp\/v2\/users\/2476"}],"replies":[{"embeddable":true,"href":"https:\/\/encuentroinformativo.com.mx\/index.php?rest_route=%2Fwp%2Fv2%2Fcomments&post=69969"}],"version-history":[{"count":1,"href":"https:\/\/encuentroinformativo.com.mx\/index.php?rest_route=\/wp\/v2\/posts\/69969\/revisions"}],"predecessor-version":[{"id":69972,"href":"https:\/\/encuentroinformativo.com.mx\/index.php?rest_route=\/wp\/v2\/posts\/69969\/revisions\/69972"}],"wp:featuredmedia":[{"embeddable":true,"href":"https:\/\/encuentroinformativo.com.mx\/index.php?rest_route=\/wp\/v2\/media\/69970"}],"wp:attachment":[{"href":"https:\/\/encuentroinformativo.com.mx\/index.php?rest_route=%2Fwp%2Fv2%2Fmedia&parent=69969"}],"wp:term":[{"taxonomy":"category","embeddable":true,"href":"https:\/\/encuentroinformativo.com.mx\/index.php?rest_route=%2Fwp%2Fv2%2Fcategories&post=69969"},{"taxonomy":"post_tag","embeddable":true,"href":"https:\/\/encuentroinformativo.com.mx\/index.php?rest_route=%2Fwp%2Fv2%2Ftags&post=69969"}],"curies":[{"name":"wp","href":"https:\/\/api.w.org\/{rel}","templated":true}]}}