{"id":6998,"date":"2020-10-16T17:43:27","date_gmt":"2020-10-16T22:43:27","guid":{"rendered":"https:\/\/encuentroinformativo.com.mx\/?p=6998"},"modified":"2020-10-16T17:43:30","modified_gmt":"2020-10-16T22:43:30","slug":"de-forma-parcial-reabriran-el-parque-juarez","status":"publish","type":"post","link":"https:\/\/encuentroinformativo.com.mx\/?p=6998","title":{"rendered":"De forma parcial reabrir\u00e1n el parque Ju\u00e1rez"},"content":{"rendered":"\n<p><strong>Juan Arcos<\/strong> <\/p>\n\n\n\n<p>Xalapa, Ver.- El ayuntamiento de Xalapa reabrir\u00e1 el parque Benito Ju\u00e1rez, despu\u00e9s de siete meses que fue cerrado por la pandemia del SARS-COV-2 (COVID-19.<\/p>\n\n\n\n<p>El Cabildo xalape\u00f1o acord\u00f3 la reapertura parcial, con un aforo del 30 por ciento, para evitar aglomeraciones y la propagaci\u00f3n de la enfermedad.<\/p>\n\n\n\n<p>El presidente municipal Hip\u00f3lito Rodr\u00edguez Herrero indic\u00f3 que se buscar\u00e1 la reapertura de m\u00e1s espacios p\u00fablicos, pese a que en Xalapa contin\u00faan en aumento los casos de coronavirus.<\/p>\n\n\n\n<p>\u201cVamos a proceder poco a poco a ir abriendo otros espacios p\u00fablicos y vamos ir evaluando d\u00eda tras d\u00eda que la gente acate las normas\u201d.<\/p>\n\n\n\n<p>El edil que se ha programado una reapertura por secciones del lugar y se planea que los comerciantes ocupen el pasillo central.<\/p>\n\n\n\n<p>Con estas acciones se pretende apoyar a los comerciantes que se quedaron sin empleo por la emergencia sanitaria y que denunciaron constantemente la falta de apoyos por parte del gobierno municipal.<\/p>\n\n\n\n<p>Cabe recordar que los comerciantes del parque Ju\u00e1rez protestaron varias veces en el centro de la ciudad y bloquearon la calle Juan de la Luz Enr\u00edquez, para exigir que los dejaran trabajar.<\/p>\n\n\n\n<p>\u201cVamos a buscar que est\u00e9 en un 30 o un 35 por ciento los comerciantes activos. Se buscar\u00e1 que puedan trabajar de manera alterna, para dar oportunidad de que su econom\u00eda pueda caminar\u201d.<\/p>\n\n\n\n<p>El Alcalde a\u00f1adi\u00f3 que se realizar\u00e1n operativos para verificar que sean respetadas las medidas sanitarias en el lugar.<\/p>\n\n\n\n<p>Se trata de 24 propietarios de casetas de dulces, 22 boleros, cuatro heladeros, ocho comerciantes de tacos de canasta, y diez globeros, quienes tuvieron p\u00e9rdidas totales por el cierre del parque.<\/p>\n\n\n\n<p>Cabe mencionar que autoridades sanitarias se\u00f1alan que Xalapa contin\u00faa en segundo lugar estatal con m\u00e1s casos de COVID-19, s\u00f3lo despu\u00e9s del puerto de Veracruz.<\/p>\n\n\n\n<p>Hasta la noche del jueves, se hab\u00edan reportado dos mil 304 positivos, 283 defunciones y 640 sospechosos.<\/p>\n","protected":false},"excerpt":{"rendered":"<p>Juan Arcos Xalapa, Ver.- El ayuntamiento de Xalapa reabrir\u00e1 el parque Benito Ju\u00e1rez, despu\u00e9s de siete meses que fue cerrado por la pandemia del SARS-COV-2 (COVID-19. El Cabildo xalape\u00f1o acord\u00f3 la reapertura parcial, con un aforo del 30 por ciento, para evitar aglomeraciones y la propagaci\u00f3n de la enfermedad. El presidente municipal Hip\u00f3lito Rodr\u00edguez Herrero [&hellip;]<\/p>\n","protected":false},"author":1,"featured_media":6996,"comment_status":"open","ping_status":"open","sticky":false,"template":"","format":"standard","meta":{"_jetpack_memberships_contains_paid_content":false,"footnotes":""},"categories":[3],"tags":[],"class_list":["post-6998","post","type-post","status-publish","format-standard","has-post-thumbnail","hentry","category-xalapa"],"jetpack_featured_media_url":"https:\/\/encuentroinformativo.com.mx\/wp-content\/uploads\/2020\/10\/3F60D585-A8BB-45D3-ABA8-248A155B40BA.jpeg","jetpack_sharing_enabled":true,"jetpack_likes_enabled":true,"amp_enabled":true,"_links":{"self":[{"href":"https:\/\/encuentroinformativo.com.mx\/index.php?rest_route=\/wp\/v2\/posts\/6998","targetHints":{"allow":["GET"]}}],"collection":[{"href":"https:\/\/encuentroinformativo.com.mx\/index.php?rest_route=\/wp\/v2\/posts"}],"about":[{"href":"https:\/\/encuentroinformativo.com.mx\/index.php?rest_route=\/wp\/v2\/types\/post"}],"author":[{"embeddable":true,"href":"https:\/\/encuentroinformativo.com.mx\/index.php?rest_route=\/wp\/v2\/users\/1"}],"replies":[{"embeddable":true,"href":"https:\/\/encuentroinformativo.com.mx\/index.php?rest_route=%2Fwp%2Fv2%2Fcomments&post=6998"}],"version-history":[{"count":1,"href":"https:\/\/encuentroinformativo.com.mx\/index.php?rest_route=\/wp\/v2\/posts\/6998\/revisions"}],"predecessor-version":[{"id":6999,"href":"https:\/\/encuentroinformativo.com.mx\/index.php?rest_route=\/wp\/v2\/posts\/6998\/revisions\/6999"}],"wp:featuredmedia":[{"embeddable":true,"href":"https:\/\/encuentroinformativo.com.mx\/index.php?rest_route=\/wp\/v2\/media\/6996"}],"wp:attachment":[{"href":"https:\/\/encuentroinformativo.com.mx\/index.php?rest_route=%2Fwp%2Fv2%2Fmedia&parent=6998"}],"wp:term":[{"taxonomy":"category","embeddable":true,"href":"https:\/\/encuentroinformativo.com.mx\/index.php?rest_route=%2Fwp%2Fv2%2Fcategories&post=6998"},{"taxonomy":"post_tag","embeddable":true,"href":"https:\/\/encuentroinformativo.com.mx\/index.php?rest_route=%2Fwp%2Fv2%2Ftags&post=6998"}],"curies":[{"name":"wp","href":"https:\/\/api.w.org\/{rel}","templated":true}]}}