{"id":69980,"date":"2025-08-12T13:37:53","date_gmt":"2025-08-12T19:37:53","guid":{"rendered":"https:\/\/encuentroinformativo.com.mx\/?p=69980"},"modified":"2025-08-12T13:37:53","modified_gmt":"2025-08-12T19:37:53","slug":"carlos-macias-y-sally-g-triunfan-en-veracruz-y-xalapa","status":"publish","type":"post","link":"https:\/\/encuentroinformativo.com.mx\/?p=69980","title":{"rendered":"Carlos Mac\u00edas y Sally G triunfan en Veracruz y Xalapa"},"content":{"rendered":"<p><strong>Alejandro \u00c1vila<\/strong><\/p>\n<p>Veracruz, Ver.- Un evento inolvidable en el Foro Boca ofrecieron Carlos Mac\u00edas y Sally G, un concierto que ilumin\u00f3 el coraz\u00f3n de los veracruzanos, con su tour &#8220;Renacer&#8221;, el maestro Mac\u00edas cant\u00f3 y llen\u00f3 de emoci\u00f3n el recinto, mientras que la cubana imprimi\u00f3 el sabor y la algarab\u00eda de su pa\u00eds en tierras veracruzanas que dejaron a la audiencia sin aliento.<\/p>\n<p>La cubana Sally G abri\u00f3 la noche con su voz \u00fanica y ritmo contagioso, poniendo a bailar al p\u00fablico con temas como &#8220;Mi\u00e9nteme&#8221;, su reciente sencillo y otros boleros, cumbias y salsa, que mostraron su versatilidad como artista.<\/p>\n<p>En cada uno de los temas, Sally G dejaba alma y pasi\u00f3n logrando una conexi\u00f3n inmediata con el p\u00fablico que en repetidas ocasiones se par\u00f3 de su butaca para bailar, como s\u00f3lo los veracruzanos sabemos hacerlo.<\/p>\n<p>Con su voz emotiva y letras que abrigan y estremecen, Carlos Mac\u00edas llen\u00f3 de pasi\u00f3n a la audiencia. Su conexi\u00f3n con el p\u00fablico fue inmediata, y su interpretaci\u00f3n de los \u00e9xitos de su tour &#8220;Renacer&#8221; fue simplemente magistral.<\/p>\n<p>Con su canto y sus letras, el maestro Mac\u00edas nos llen\u00f3 de pasi\u00f3n con sus canciones que abrigan y estremecen: \u201cDivina t\u00fa\u201d, \u201cAmarte as\u00ed\u201d, \u201cOlvidarte jam\u00e1s\u201d, \u201cCuando me vaya de aqu\u00ed\u201d, \u201cMilagro\u201d fueron algunos de los temas que interpret\u00f3 Carlos Mac\u00edas, considerado el cantautor de la d\u00e9cada.<\/p>\n<p>Cabe resaltar que, Carlos Mac\u00edas y Sally G hicieron lo propio en el Gimnasio Nido del Halc\u00f3n en Xalapa.<\/p>\n","protected":false},"excerpt":{"rendered":"<p>Alejandro \u00c1vila Veracruz, Ver.- Un evento inolvidable en el Foro Boca ofrecieron Carlos Mac\u00edas y Sally G, un concierto que ilumin\u00f3 el coraz\u00f3n de los veracruzanos, con su tour &#8220;Renacer&#8221;, el maestro Mac\u00edas cant\u00f3 y llen\u00f3 de emoci\u00f3n el recinto, mientras que la cubana imprimi\u00f3 el sabor y la algarab\u00eda de su pa\u00eds en tierras [&hellip;]<\/p>\n","protected":false},"author":2476,"featured_media":69981,"comment_status":"open","ping_status":"open","sticky":false,"template":"","format":"standard","meta":{"_jetpack_memberships_contains_paid_content":false,"footnotes":""},"categories":[2],"tags":[],"class_list":["post-69980","post","type-post","status-publish","format-standard","has-post-thumbnail","hentry","category-estado"],"jetpack_featured_media_url":"https:\/\/encuentroinformativo.com.mx\/wp-content\/uploads\/2025\/08\/IMG-20250812-WA02202.jpg","jetpack_sharing_enabled":true,"jetpack_likes_enabled":true,"amp_enabled":true,"_links":{"self":[{"href":"https:\/\/encuentroinformativo.com.mx\/index.php?rest_route=\/wp\/v2\/posts\/69980","targetHints":{"allow":["GET"]}}],"collection":[{"href":"https:\/\/encuentroinformativo.com.mx\/index.php?rest_route=\/wp\/v2\/posts"}],"about":[{"href":"https:\/\/encuentroinformativo.com.mx\/index.php?rest_route=\/wp\/v2\/types\/post"}],"author":[{"embeddable":true,"href":"https:\/\/encuentroinformativo.com.mx\/index.php?rest_route=\/wp\/v2\/users\/2476"}],"replies":[{"embeddable":true,"href":"https:\/\/encuentroinformativo.com.mx\/index.php?rest_route=%2Fwp%2Fv2%2Fcomments&post=69980"}],"version-history":[{"count":1,"href":"https:\/\/encuentroinformativo.com.mx\/index.php?rest_route=\/wp\/v2\/posts\/69980\/revisions"}],"predecessor-version":[{"id":69982,"href":"https:\/\/encuentroinformativo.com.mx\/index.php?rest_route=\/wp\/v2\/posts\/69980\/revisions\/69982"}],"wp:featuredmedia":[{"embeddable":true,"href":"https:\/\/encuentroinformativo.com.mx\/index.php?rest_route=\/wp\/v2\/media\/69981"}],"wp:attachment":[{"href":"https:\/\/encuentroinformativo.com.mx\/index.php?rest_route=%2Fwp%2Fv2%2Fmedia&parent=69980"}],"wp:term":[{"taxonomy":"category","embeddable":true,"href":"https:\/\/encuentroinformativo.com.mx\/index.php?rest_route=%2Fwp%2Fv2%2Fcategories&post=69980"},{"taxonomy":"post_tag","embeddable":true,"href":"https:\/\/encuentroinformativo.com.mx\/index.php?rest_route=%2Fwp%2Fv2%2Ftags&post=69980"}],"curies":[{"name":"wp","href":"https:\/\/api.w.org\/{rel}","templated":true}]}}