{"id":69986,"date":"2025-08-12T14:33:53","date_gmt":"2025-08-12T20:33:53","guid":{"rendered":"https:\/\/encuentroinformativo.com.mx\/?p=69986"},"modified":"2025-08-12T14:33:53","modified_gmt":"2025-08-12T20:33:53","slug":"fallece-abogado-de-xalapa-en-ciudad-judicial-de-veracruz-puerto","status":"publish","type":"post","link":"https:\/\/encuentroinformativo.com.mx\/?p=69986","title":{"rendered":"Fallece abogado de Xalapa en Ciudad Judicial de Veracruz puerto"},"content":{"rendered":"<p><strong>Alejandro \u00c1vila<\/strong><\/p>\n<p>Veracruz, Ver.- El abogado Germ\u00e1n V\u00e1zquez oriundo de la ciudad de Xalapa falleci\u00f3 la ma\u00f1ana de este martes 12 de agosto en la cafeter\u00eda de la Ciudad Judicial, ubicada en la colonia Pascual Ortiz Rubio del municipio de Veracruz.<\/p>\n<p>Los hechos ocurrieron alrededor de las 10 de la ma\u00f1ana, lo que gener\u00f3 una movilizaci\u00f3n de las diversas corporaciones y qui\u00e9nes se\u00f1alaron que qparentemente sufri\u00f3 de un paro card\u00edaco.<\/p>\n<p>Testigos relataron que el agraviado ya padec\u00eda alg\u00fan problema cr\u00f3nico de salud pues llevaba una bolsa de di\u00e1lisis, adem\u00e1s de que observaron como se sofoc\u00f3, se llev\u00f3 las manos al pecho y se desvaneci\u00f3.<\/p>\n<p>Elementos de la polic\u00eda estatal, llegaron momentos despu\u00e9s para acordonar el per\u00edmetro de la cafeter\u00eda donde falleci\u00f3 el litigante, mientras autoridades ministeriales se encargaron del levantamiento del cuerpo.<\/p>\n","protected":false},"excerpt":{"rendered":"<p>Alejandro \u00c1vila Veracruz, Ver.- El abogado Germ\u00e1n V\u00e1zquez oriundo de la ciudad de Xalapa falleci\u00f3 la ma\u00f1ana de este martes 12 de agosto en la cafeter\u00eda de la Ciudad Judicial, ubicada en la colonia Pascual Ortiz Rubio del municipio de Veracruz. Los hechos ocurrieron alrededor de las 10 de la ma\u00f1ana, lo que gener\u00f3 una [&hellip;]<\/p>\n","protected":false},"author":2476,"featured_media":69987,"comment_status":"open","ping_status":"open","sticky":false,"template":"","format":"standard","meta":{"_jetpack_memberships_contains_paid_content":false,"footnotes":""},"categories":[2],"tags":[],"class_list":["post-69986","post","type-post","status-publish","format-standard","has-post-thumbnail","hentry","category-estado"],"jetpack_featured_media_url":"https:\/\/encuentroinformativo.com.mx\/wp-content\/uploads\/2025\/08\/IMG-20250812-WA0232.jpg","jetpack_sharing_enabled":true,"jetpack_likes_enabled":true,"amp_enabled":true,"_links":{"self":[{"href":"https:\/\/encuentroinformativo.com.mx\/index.php?rest_route=\/wp\/v2\/posts\/69986","targetHints":{"allow":["GET"]}}],"collection":[{"href":"https:\/\/encuentroinformativo.com.mx\/index.php?rest_route=\/wp\/v2\/posts"}],"about":[{"href":"https:\/\/encuentroinformativo.com.mx\/index.php?rest_route=\/wp\/v2\/types\/post"}],"author":[{"embeddable":true,"href":"https:\/\/encuentroinformativo.com.mx\/index.php?rest_route=\/wp\/v2\/users\/2476"}],"replies":[{"embeddable":true,"href":"https:\/\/encuentroinformativo.com.mx\/index.php?rest_route=%2Fwp%2Fv2%2Fcomments&post=69986"}],"version-history":[{"count":1,"href":"https:\/\/encuentroinformativo.com.mx\/index.php?rest_route=\/wp\/v2\/posts\/69986\/revisions"}],"predecessor-version":[{"id":69988,"href":"https:\/\/encuentroinformativo.com.mx\/index.php?rest_route=\/wp\/v2\/posts\/69986\/revisions\/69988"}],"wp:featuredmedia":[{"embeddable":true,"href":"https:\/\/encuentroinformativo.com.mx\/index.php?rest_route=\/wp\/v2\/media\/69987"}],"wp:attachment":[{"href":"https:\/\/encuentroinformativo.com.mx\/index.php?rest_route=%2Fwp%2Fv2%2Fmedia&parent=69986"}],"wp:term":[{"taxonomy":"category","embeddable":true,"href":"https:\/\/encuentroinformativo.com.mx\/index.php?rest_route=%2Fwp%2Fv2%2Fcategories&post=69986"},{"taxonomy":"post_tag","embeddable":true,"href":"https:\/\/encuentroinformativo.com.mx\/index.php?rest_route=%2Fwp%2Fv2%2Ftags&post=69986"}],"curies":[{"name":"wp","href":"https:\/\/api.w.org\/{rel}","templated":true}]}}