{"id":69995,"date":"2025-08-13T12:08:03","date_gmt":"2025-08-13T18:08:03","guid":{"rendered":"https:\/\/encuentroinformativo.com.mx\/?p=69995"},"modified":"2025-08-13T12:08:03","modified_gmt":"2025-08-13T18:08:03","slug":"adal-ramones-y-otro-rollo-tendran-fecha-en-veracruz","status":"publish","type":"post","link":"https:\/\/encuentroinformativo.com.mx\/?p=69995","title":{"rendered":"Adal Ramones y Otro Rollo tendr\u00e1n fecha en Veracruz\u00a0"},"content":{"rendered":"<p><strong>Alejandro \u00c1vila<\/strong><\/p>\n<p>Veracruz, Ver.- En conferencia de prensa nacional se dio a conocer la gira del show en vivo \u00a1ENROLLADOS: La Reuni\u00f3n!, reuniendo de nueva cuenta a Adal Ramones, Yordi Rosado, Gaby Platas, Roxana Castellanos, Mauricio Castillo y Lalo Espa\u00f1a.<\/p>\n<p>Dentro de gira nacional est\u00e1 incluido Veracruz, siendo el s\u00e1bado 7 de febrero la fecha programada y el recinto: Auditorio &#8220;Benito Ju\u00e1rez&#8221;.<\/p>\n<p>Jos\u00e9 Luis Alba, director general de MusicVibe, mencion\u00f3 en conferencia de prensa que son una empresa presentando proyectos de primer nivel.<\/p>\n<p>\u201cEste es un proyecto que especialmente sabemos que va a ser de relevancia y de gran recuerdo para todos los mexicanos\u201d, dijo.<\/p>\n<p>Y agreg\u00f3: \u201cEnrollados es algo que va a ser que estos 6 personajes que cambiaron la manera y el formato de hacer entretenimiento en los medios de M\u00e9xico y que luego de 18 a\u00f1os, regresen a vivir lo que sucedi\u00f3 en aquel momento y todo lo que han aprendido en estos 18 a\u00f1os\u201d.<\/p>\n<p>Revelaron que entre enero y febrero del 2026 se presentar\u00e1 s\u00f3lo 25 \u00fanicas fechas en todo el pa\u00eds \u201cEstoy seguro que va a ser un \u00e9xito y se van agotar los boletos muy r\u00e1pido.<\/p>\n<p>Tras la presentaci\u00f3n de todo el elenco, Adal Ramones expres\u00f3 su felicidad de reencontrarse con sus compa\u00f1eros en este nuevo proyecto<\/p>\n<p>\u201cPara nosotros es hist\u00f3rico porque no somos un grupo de cuates que nos contrataron, estamos aqu\u00ed un grupo de amigos de una amistad que ha sobrevivido muchos a\u00f1os y nos compenetramos en muchos aspectos como la amistad y la creatividad y que ahora es un sue\u00f1o que se logr\u00f3\u201d, precis\u00f3 Adal Ramones.<\/p>\n<p>Con m\u00e1s de 500 emisiones y un promedio de 10 millones de televidentes por programa en su \u00e9poca dorada, Otro Rollo marc\u00f3 un antes y un despu\u00e9s en la televisi\u00f3n. Hoy, sus protagonistas suman m\u00e1s de 47 millones de seguidores en redes sociales, prueba de que la conexi\u00f3n con el p\u00fablico sigue intacta.<\/p>\n<p>La venta de boletos arranca este viernes 15 de agosto a partir de las 11 de la ma\u00f1ana, a trav\u00e9s de la plataforma Fun Ticket<\/p>\n","protected":false},"excerpt":{"rendered":"<p>Alejandro \u00c1vila Veracruz, Ver.- En conferencia de prensa nacional se dio a conocer la gira del show en vivo \u00a1ENROLLADOS: La Reuni\u00f3n!, reuniendo de nueva cuenta a Adal Ramones, Yordi Rosado, Gaby Platas, Roxana Castellanos, Mauricio Castillo y Lalo Espa\u00f1a. Dentro de gira nacional est\u00e1 incluido Veracruz, siendo el s\u00e1bado 7 de febrero la fecha [&hellip;]<\/p>\n","protected":false},"author":2476,"featured_media":69996,"comment_status":"open","ping_status":"open","sticky":false,"template":"","format":"standard","meta":{"_jetpack_memberships_contains_paid_content":false,"footnotes":""},"categories":[2],"tags":[],"class_list":["post-69995","post","type-post","status-publish","format-standard","has-post-thumbnail","hentry","category-estado"],"jetpack_featured_media_url":"https:\/\/encuentroinformativo.com.mx\/wp-content\/uploads\/2025\/08\/IMG-20250813-WA0125.jpg","jetpack_sharing_enabled":true,"jetpack_likes_enabled":true,"amp_enabled":true,"_links":{"self":[{"href":"https:\/\/encuentroinformativo.com.mx\/index.php?rest_route=\/wp\/v2\/posts\/69995","targetHints":{"allow":["GET"]}}],"collection":[{"href":"https:\/\/encuentroinformativo.com.mx\/index.php?rest_route=\/wp\/v2\/posts"}],"about":[{"href":"https:\/\/encuentroinformativo.com.mx\/index.php?rest_route=\/wp\/v2\/types\/post"}],"author":[{"embeddable":true,"href":"https:\/\/encuentroinformativo.com.mx\/index.php?rest_route=\/wp\/v2\/users\/2476"}],"replies":[{"embeddable":true,"href":"https:\/\/encuentroinformativo.com.mx\/index.php?rest_route=%2Fwp%2Fv2%2Fcomments&post=69995"}],"version-history":[{"count":1,"href":"https:\/\/encuentroinformativo.com.mx\/index.php?rest_route=\/wp\/v2\/posts\/69995\/revisions"}],"predecessor-version":[{"id":69997,"href":"https:\/\/encuentroinformativo.com.mx\/index.php?rest_route=\/wp\/v2\/posts\/69995\/revisions\/69997"}],"wp:featuredmedia":[{"embeddable":true,"href":"https:\/\/encuentroinformativo.com.mx\/index.php?rest_route=\/wp\/v2\/media\/69996"}],"wp:attachment":[{"href":"https:\/\/encuentroinformativo.com.mx\/index.php?rest_route=%2Fwp%2Fv2%2Fmedia&parent=69995"}],"wp:term":[{"taxonomy":"category","embeddable":true,"href":"https:\/\/encuentroinformativo.com.mx\/index.php?rest_route=%2Fwp%2Fv2%2Fcategories&post=69995"},{"taxonomy":"post_tag","embeddable":true,"href":"https:\/\/encuentroinformativo.com.mx\/index.php?rest_route=%2Fwp%2Fv2%2Ftags&post=69995"}],"curies":[{"name":"wp","href":"https:\/\/api.w.org\/{rel}","templated":true}]}}