{"id":69998,"date":"2025-08-13T12:14:09","date_gmt":"2025-08-13T18:14:09","guid":{"rendered":"https:\/\/encuentroinformativo.com.mx\/?p=69998"},"modified":"2025-08-13T12:14:09","modified_gmt":"2025-08-13T18:14:09","slug":"tras-exito-en-plataformas-vuelve-el-conjunto-primavera","status":"publish","type":"post","link":"https:\/\/encuentroinformativo.com.mx\/?p=69998","title":{"rendered":"Tras \u00e9xito en plataformas vuelve el Conjunto Primavera"},"content":{"rendered":"<p><strong>Alejandro \u00c1vila<\/strong><\/p>\n<p>Veracruz, Ver.- Tras el \u00e9xito en la plataforma Spotify de su \u00e1lbum recopilatorio Para Enamorarte, con m\u00e1s de mil millones de reproducciones, el Conjunto Primavera decidi\u00f3 realizar una gira por M\u00e9xico y Veracruz est\u00e1 incluido con una fecha el pr\u00f3ximo 5 de septiembre.<\/p>\n<p>La agrupaci\u00f3n m\u00e1s importante del regional mexicano, Conjunto Primavera, regresa para ofrecer un gran concierto en la explanada del Auditorio Benito Ju\u00e1rez. La cita es el viernes 5 de septiembre, d\u00eda en que los fans podr\u00e1n disfrutar de los grandes \u00e9xitos de la banda.<\/p>\n<p>Con casi cinco d\u00e9cadas de carrera, Conjunto Primavera ha conquistado el coraz\u00f3n de millones de fans en M\u00e9xico y en todo el mundo. En este concierto, Adri\u00e1n Regalado, Miguel Jim\u00e9nez, Sa\u00fal Gonz\u00e1lez, F\u00e9lix Contreras, Juan Dom\u00ednguez y Tony Mel\u00e9ndez interpretar\u00e1n sus temas m\u00e1s emblem\u00e1ticos, convirtiendo la explanada del auditorio en un monumental coro.<\/p>\n<p>Los fans de Conjunto Primavera no pueden perderse esta oportunidad de ver a la banda en vivo y en directo. Con su estilo \u00fanico y su energ\u00eda contagiosa, Conjunto Primavera promete un concierto inolvidable que har\u00e1 que el p\u00fablico cante y baile al ritmo de sus grandes \u00e9xitos; boletos disponibles en la plataforma En Tu Taquilla.<\/p>\n","protected":false},"excerpt":{"rendered":"<p>Alejandro \u00c1vila Veracruz, Ver.- Tras el \u00e9xito en la plataforma Spotify de su \u00e1lbum recopilatorio Para Enamorarte, con m\u00e1s de mil millones de reproducciones, el Conjunto Primavera decidi\u00f3 realizar una gira por M\u00e9xico y Veracruz est\u00e1 incluido con una fecha el pr\u00f3ximo 5 de septiembre. La agrupaci\u00f3n m\u00e1s importante del regional mexicano, Conjunto Primavera, regresa [&hellip;]<\/p>\n","protected":false},"author":2476,"featured_media":69999,"comment_status":"open","ping_status":"open","sticky":false,"template":"","format":"standard","meta":{"_jetpack_memberships_contains_paid_content":false,"footnotes":""},"categories":[2],"tags":[],"class_list":["post-69998","post","type-post","status-publish","format-standard","has-post-thumbnail","hentry","category-estado"],"jetpack_featured_media_url":"https:\/\/encuentroinformativo.com.mx\/wp-content\/uploads\/2025\/08\/IMG-20250813-WA0127.jpg","jetpack_sharing_enabled":true,"jetpack_likes_enabled":true,"amp_enabled":true,"_links":{"self":[{"href":"https:\/\/encuentroinformativo.com.mx\/index.php?rest_route=\/wp\/v2\/posts\/69998","targetHints":{"allow":["GET"]}}],"collection":[{"href":"https:\/\/encuentroinformativo.com.mx\/index.php?rest_route=\/wp\/v2\/posts"}],"about":[{"href":"https:\/\/encuentroinformativo.com.mx\/index.php?rest_route=\/wp\/v2\/types\/post"}],"author":[{"embeddable":true,"href":"https:\/\/encuentroinformativo.com.mx\/index.php?rest_route=\/wp\/v2\/users\/2476"}],"replies":[{"embeddable":true,"href":"https:\/\/encuentroinformativo.com.mx\/index.php?rest_route=%2Fwp%2Fv2%2Fcomments&post=69998"}],"version-history":[{"count":1,"href":"https:\/\/encuentroinformativo.com.mx\/index.php?rest_route=\/wp\/v2\/posts\/69998\/revisions"}],"predecessor-version":[{"id":70000,"href":"https:\/\/encuentroinformativo.com.mx\/index.php?rest_route=\/wp\/v2\/posts\/69998\/revisions\/70000"}],"wp:featuredmedia":[{"embeddable":true,"href":"https:\/\/encuentroinformativo.com.mx\/index.php?rest_route=\/wp\/v2\/media\/69999"}],"wp:attachment":[{"href":"https:\/\/encuentroinformativo.com.mx\/index.php?rest_route=%2Fwp%2Fv2%2Fmedia&parent=69998"}],"wp:term":[{"taxonomy":"category","embeddable":true,"href":"https:\/\/encuentroinformativo.com.mx\/index.php?rest_route=%2Fwp%2Fv2%2Fcategories&post=69998"},{"taxonomy":"post_tag","embeddable":true,"href":"https:\/\/encuentroinformativo.com.mx\/index.php?rest_route=%2Fwp%2Fv2%2Ftags&post=69998"}],"curies":[{"name":"wp","href":"https:\/\/api.w.org\/{rel}","templated":true}]}}