{"id":7000,"date":"2020-10-17T11:11:33","date_gmt":"2020-10-17T16:11:33","guid":{"rendered":"https:\/\/encuentroinformativo.com.mx\/?p=7000"},"modified":"2020-10-17T11:11:36","modified_gmt":"2020-10-17T16:11:36","slug":"acoso-en-cobaev","status":"publish","type":"post","link":"https:\/\/encuentroinformativo.com.mx\/?p=7000","title":{"rendered":"Acoso en Cobaev"},"content":{"rendered":"\n<p><strong>N\u00fameros Rojos<\/strong><\/p>\n\n\n\n<p><strong>Brenda Caballero<\/strong><\/p>\n\n\n\n<p>\u201cDesde que me llamaron, me puse a disposici\u00f3n de las actividades que me fueron encomendadas. Poco despu\u00e9s me cambiaron de oficina junto a otras compa\u00f1eras. No quisiera pensarlo, pero parec\u00eda que nos hab\u00edan \u2018congelado\u2019: Oficinas sucias, sin internet para trabajar y hasta con una persona con \u2018marca personal\u2019, casi-casi como capataz. Ten\u00edan toda la intenci\u00f3n de corrernos\u201d.<\/p>\n\n\n\n<p>La de la voz es una trabajadora del Colegio de Bachilleres del Estado de Veracruz, quien narra \u00bfel acoso? \u00a1No! \u00a1El terrorismo con que a ella y a otros compa\u00f1eros la han sometido, a tal grado que le han suspendido pagos poniendo en riesgo, no s\u00f3lo su econom\u00eda, sino hasta su salud, por las razones que m\u00e1s adelante explica&#8230;&nbsp;<\/p>\n\n\n\n<p>Desde el 2019, Alejandro de la Cruz Garnica Fern\u00e1ndez, a su ingreso como director administrativo del Cobaev, de manera reiterada se ha dedicado a agredir, ofender, violentar, amedrentar, \u201cha insultado a varios trabajadores refiri\u00e9ndose a ellos como \u2018aviadores, ineptos, incapaces, est\u00fapidos, corruptos, ladrones y vendidos\u2019. No solamente soy yo, m\u00e1s compa\u00f1eras y compa\u00f1eros han sido violentados en sus derechos\u201d, narra quien pide el anonimato por temor a m\u00e1s represalias.<\/p>\n\n\n\n<p>Pero su comportamiento no es nuevo, desde el a\u00f1o pasado hay expedientes, notas period\u00edsticas, oficios en la Contralor\u00eda, en la Fiscal\u00eda, en la Comisi\u00f3n Estatal de Derechos Humanos, en la Secretar\u00eda del Trabajo, \u201cpero no le hacen nada porque \u00e9l afirma que pueden hacer lo que quieran porque cuenta con el apoyo del subsecretario de Sefiplan\u201d. As\u00ed, expresiones como \u201c\u00a1Hagan lo que quieran, dem\u00e1ndenme, por lo pronto no les pago y h\u00e1ganle como quieran!\u201d, esgrime ese servidor p\u00fablico.<\/p>\n\n\n\n<p>Ella narra que el a\u00f1o pasado, \u00e9l encerr\u00f3 durante todo un d\u00eda a 7 trabajadores para que firmaran actas en las que aceptaban cambio de funciones; incluso, a 20 trabajadores, durante tres meses, les suspendi\u00f3 su quincena, \u201cde la misma forma que lo hizo conmigo y otros 3 sindicalizados, de los cuales una es madre soltera y otro compa\u00f1ero tiene c\u00e1ncer\u201d.<\/p>\n\n\n\n<p>El pasado 14 de julio de 2020, cuando ten\u00edan que pagarles la quincena, ya no hubo dep\u00f3sito, \u201csiendo que es ilegal retenernos nuestro sueldo\u201d. Ese mismo d\u00eda, v\u00eda telef\u00f3nica, a tres mujeres dieron plazo de 72 horas para apersonarse en Recursos Humanos y entregar documentos para el expediente, \u201cno importando mis condiciones de personal de riesgo ante la pandemia de Covid-19, pues padezco fibromialgia, enfermedad pulmonar obstructiva cr\u00f3nica (EPOC) y obesidad, y de acuerdo a los Decretos publicados en el Diario Oficial de la Federaci\u00f3n, deb\u00eda permanecer en casa\u201d.<\/p>\n\n\n\n<p>En el caso de su compa\u00f1ero con diagn\u00f3stico de c\u00e1ncer, fue visitado en su domicilio y notificado \u201cal igual que a nosotras, de suspensi\u00f3n temporal de los efectos de nuestro nombramiento\u201d. El 31 de julio de 2020, tampoco hubo dep\u00f3sito de salario.<\/p>\n\n\n\n<p>Precisa que de acuerdo a lo establecido en la cl\u00e1usula 118 del Contrato Colectivo de Trabajo, para que proceda la suspensi\u00f3n de sueldos y funciones, \u201cdebieron levantar Acta Circunstanciada, observando lo dispuesto en las cl\u00e1usulas 51 a 55 del CCT, ya que la retenci\u00f3n del salario atenta en estos momentos de emergencia sanitaria y de salud, contra el derecho a la dignidad humana y en perjuicio de nuestros derechos laborales\u201d.<\/p>\n\n\n\n<p>Antes de retirarse, me ense\u00f1a los escritos que ha entregado en diversas dependencias as\u00ed como sus notas m\u00e9dicas del IMSS, pues la dieron de baja del Issste a pesar de sus padecimientos en medio de la pandemia de Covid-19.&nbsp;<\/p>\n\n\n\n<p>\u00bfD\u00f3nde quedaron las disposiciones federales de no despedir trabajadores en medio de la pandemia? \u00bfD\u00f3nde quedaron los Protocolos de Atenci\u00f3n y Prevenci\u00f3n contra el Acoso y el Hostigamiento en la Administraci\u00f3n P\u00fablica? \u00bfAcaso ya fueron ocupadas esas plazas, siendo que est\u00e1n en litigio?<\/p>\n\n\n\n<p>@NumerosRojos_BC<\/p>\n\n\n\n<p><a href=\"mailto:caballero_brenda@hotmail.com\" target=\"_blank\" rel=\"noreferrer noopener\">caballero_brenda@hotmail.com<\/a><\/p>\n","protected":false},"excerpt":{"rendered":"<p>N\u00fameros Rojos Brenda Caballero \u201cDesde que me llamaron, me puse a disposici\u00f3n de las actividades que me fueron encomendadas. Poco despu\u00e9s me cambiaron de oficina junto a otras compa\u00f1eras. No quisiera pensarlo, pero parec\u00eda que nos hab\u00edan \u2018congelado\u2019: Oficinas sucias, sin internet para trabajar y hasta con una persona con \u2018marca personal\u2019, casi-casi como capataz. [&hellip;]<\/p>\n","protected":false},"author":1,"featured_media":387,"comment_status":"open","ping_status":"open","sticky":false,"template":"","format":"standard","meta":{"_jetpack_memberships_contains_paid_content":false,"footnotes":""},"categories":[11],"tags":[],"class_list":["post-7000","post","type-post","status-publish","format-standard","has-post-thumbnail","hentry","category-opinion"],"jetpack_featured_media_url":"https:\/\/encuentroinformativo.com.mx\/wp-content\/uploads\/2020\/03\/7CF8A22B-2764-47BE-8F7F-38FE9E5D6A2F.jpeg","jetpack_sharing_enabled":true,"jetpack_likes_enabled":true,"amp_enabled":true,"_links":{"self":[{"href":"https:\/\/encuentroinformativo.com.mx\/index.php?rest_route=\/wp\/v2\/posts\/7000","targetHints":{"allow":["GET"]}}],"collection":[{"href":"https:\/\/encuentroinformativo.com.mx\/index.php?rest_route=\/wp\/v2\/posts"}],"about":[{"href":"https:\/\/encuentroinformativo.com.mx\/index.php?rest_route=\/wp\/v2\/types\/post"}],"author":[{"embeddable":true,"href":"https:\/\/encuentroinformativo.com.mx\/index.php?rest_route=\/wp\/v2\/users\/1"}],"replies":[{"embeddable":true,"href":"https:\/\/encuentroinformativo.com.mx\/index.php?rest_route=%2Fwp%2Fv2%2Fcomments&post=7000"}],"version-history":[{"count":1,"href":"https:\/\/encuentroinformativo.com.mx\/index.php?rest_route=\/wp\/v2\/posts\/7000\/revisions"}],"predecessor-version":[{"id":7001,"href":"https:\/\/encuentroinformativo.com.mx\/index.php?rest_route=\/wp\/v2\/posts\/7000\/revisions\/7001"}],"wp:featuredmedia":[{"embeddable":true,"href":"https:\/\/encuentroinformativo.com.mx\/index.php?rest_route=\/wp\/v2\/media\/387"}],"wp:attachment":[{"href":"https:\/\/encuentroinformativo.com.mx\/index.php?rest_route=%2Fwp%2Fv2%2Fmedia&parent=7000"}],"wp:term":[{"taxonomy":"category","embeddable":true,"href":"https:\/\/encuentroinformativo.com.mx\/index.php?rest_route=%2Fwp%2Fv2%2Fcategories&post=7000"},{"taxonomy":"post_tag","embeddable":true,"href":"https:\/\/encuentroinformativo.com.mx\/index.php?rest_route=%2Fwp%2Fv2%2Ftags&post=7000"}],"curies":[{"name":"wp","href":"https:\/\/api.w.org\/{rel}","templated":true}]}}