{"id":70001,"date":"2025-08-13T12:18:48","date_gmt":"2025-08-13T18:18:48","guid":{"rendered":"https:\/\/encuentroinformativo.com.mx\/?p=70001"},"modified":"2025-08-13T12:18:48","modified_gmt":"2025-08-13T18:18:48","slug":"el-partido-verde-respeta-la-libertad-de-expresion-segun-diputado","status":"publish","type":"post","link":"https:\/\/encuentroinformativo.com.mx\/?p=70001","title":{"rendered":"El Partido Verde respeta la libertad de expresi\u00f3n, seg\u00fan Diputado\u00a0"},"content":{"rendered":"<p><strong>Alejandro \u00c1vila<\/strong><\/p>\n<p>Veracruz, Ver.- El coordinador del Grupo Legislativo del Partido Verde en el Congreso de Veracruz, Carlos Marcelo Ruiz S\u00e1nchez dio a conocer en entrevista que, su Instituto Pol\u00edtico respeta a las mujeres y tambi\u00e9n a los medios de comunicaci\u00f3n, en alusi\u00f3n al proceso jur\u00eddico que est\u00e1 llevando la ex candidata por Teocelo, Mara Chama Villa.<\/p>\n<p>El legislador veracruzano dijo que el proceso jur\u00eddico sigue su curso y aclar\u00f3 que ser\u00e1 el Tribunal Electoral en sus distintas instancias qui\u00e9n resuelva el tema; en ese sentido, expuso que el Partido Verde respeta la decisi\u00f3n individual de su candidata y la decisi\u00f3n de la Corte.<\/p>\n<p>&#8220;Quiero dejar claro que respetamos a los medios, que estamos convencidos que el periodismo responsable, que el periodismo profesional, tiene y tendr\u00e1 siempre, es m\u00e1s, necesitamos de ese periodismo responsable, para que llegue a los o\u00eddos de la poblaci\u00f3n el esfuerzo que hacemos los partidos pol\u00edticos, no solo el Verde, todos. Si nosotros no tuvi\u00e9ramos a los medios de comunicaci\u00f3n como aliados en el contexto profesional de informar a la gente lo que hacemos, pues como se van a entrar las personas. Como concluyo, dici\u00e9ndote, los tribunales resolver\u00e1n qui\u00e9n tiene la raz\u00f3n&#8221;, sentenci\u00f3.<\/p>\n<p>Cabe recordar que, la ex candidata para la alcald\u00eda de Teocelo, Mara Chama Villa, denunci\u00f3 al medio de comunicaci\u00f3n comunitario Radio Teocelo, por presunta violencia pol\u00edtica en raz\u00f3n de g\u00e9nero.<\/p>\n","protected":false},"excerpt":{"rendered":"<p>Alejandro \u00c1vila Veracruz, Ver.- El coordinador del Grupo Legislativo del Partido Verde en el Congreso de Veracruz, Carlos Marcelo Ruiz S\u00e1nchez dio a conocer en entrevista que, su Instituto Pol\u00edtico respeta a las mujeres y tambi\u00e9n a los medios de comunicaci\u00f3n, en alusi\u00f3n al proceso jur\u00eddico que est\u00e1 llevando la ex candidata por Teocelo, Mara [&hellip;]<\/p>\n","protected":false},"author":2476,"featured_media":70003,"comment_status":"open","ping_status":"open","sticky":false,"template":"","format":"standard","meta":{"_jetpack_memberships_contains_paid_content":false,"footnotes":""},"categories":[2],"tags":[],"class_list":["post-70001","post","type-post","status-publish","format-standard","has-post-thumbnail","hentry","category-estado"],"jetpack_featured_media_url":"https:\/\/encuentroinformativo.com.mx\/wp-content\/uploads\/2025\/08\/IMG-20250813-WA0134.jpg","jetpack_sharing_enabled":true,"jetpack_likes_enabled":true,"amp_enabled":true,"_links":{"self":[{"href":"https:\/\/encuentroinformativo.com.mx\/index.php?rest_route=\/wp\/v2\/posts\/70001","targetHints":{"allow":["GET"]}}],"collection":[{"href":"https:\/\/encuentroinformativo.com.mx\/index.php?rest_route=\/wp\/v2\/posts"}],"about":[{"href":"https:\/\/encuentroinformativo.com.mx\/index.php?rest_route=\/wp\/v2\/types\/post"}],"author":[{"embeddable":true,"href":"https:\/\/encuentroinformativo.com.mx\/index.php?rest_route=\/wp\/v2\/users\/2476"}],"replies":[{"embeddable":true,"href":"https:\/\/encuentroinformativo.com.mx\/index.php?rest_route=%2Fwp%2Fv2%2Fcomments&post=70001"}],"version-history":[{"count":1,"href":"https:\/\/encuentroinformativo.com.mx\/index.php?rest_route=\/wp\/v2\/posts\/70001\/revisions"}],"predecessor-version":[{"id":70004,"href":"https:\/\/encuentroinformativo.com.mx\/index.php?rest_route=\/wp\/v2\/posts\/70001\/revisions\/70004"}],"wp:featuredmedia":[{"embeddable":true,"href":"https:\/\/encuentroinformativo.com.mx\/index.php?rest_route=\/wp\/v2\/media\/70003"}],"wp:attachment":[{"href":"https:\/\/encuentroinformativo.com.mx\/index.php?rest_route=%2Fwp%2Fv2%2Fmedia&parent=70001"}],"wp:term":[{"taxonomy":"category","embeddable":true,"href":"https:\/\/encuentroinformativo.com.mx\/index.php?rest_route=%2Fwp%2Fv2%2Fcategories&post=70001"},{"taxonomy":"post_tag","embeddable":true,"href":"https:\/\/encuentroinformativo.com.mx\/index.php?rest_route=%2Fwp%2Fv2%2Ftags&post=70001"}],"curies":[{"name":"wp","href":"https:\/\/api.w.org\/{rel}","templated":true}]}}