{"id":70008,"date":"2025-08-13T14:39:52","date_gmt":"2025-08-13T20:39:52","guid":{"rendered":"https:\/\/encuentroinformativo.com.mx\/?p=70008"},"modified":"2025-08-13T14:39:52","modified_gmt":"2025-08-13T20:39:52","slug":"buscaran-sanciones-mas-severas-por-tala-clandestina-diputado","status":"publish","type":"post","link":"https:\/\/encuentroinformativo.com.mx\/?p=70008","title":{"rendered":"Buscar\u00e1n sanciones m\u00e1s severas por tala clandestina: Diputado"},"content":{"rendered":"<p><strong>Dar\u00edo Pale<\/strong><\/p>\n<p>Xalapa, Ver.- En el pr\u00f3ximo periodo ordinario de sesiones del Congreso de la Uni\u00f3n propondr\u00e1 una reforma para que se sancione con mayor rigor a quienes incurran en el delito de tala clandestina, as\u00ed lo dio a conocer Adri\u00e1n Gonz\u00e1lez Naveda para erradicar la tala ilegal en el Cofre de Perote.<\/p>\n<p>Se\u00f1al\u00f3 que, debido a la cantidad de denuncias expuestas por habitantes de comunidades cercanas al Cofre de Perote, quienes se\u00f1alan que el \u00e1rea natural protegida es v\u00edctima de este delito diariamente.<\/p>\n<p>&#8220;Podemos ubicar puntos espec\u00edficos de mayor preocupaci\u00f3n; el punto de Ejido 20 de Noviembre, municipio de Perote, donde la ciudadan\u00eda ha reportado que todos los d\u00edas, entre las 2:00 y las 4:00, de la ma\u00f1ana bajan los taladores ilegales&#8221;, se\u00f1al\u00f3.<\/p>\n<p>&#8220;El otro gran foco rojo, que tambi\u00e9n hemos presentado denuncias ante la PROFEPA, es en Paso Panal Carabinas, del otro lado del Cofre; ya es municipio de Xico, donde tambi\u00e9n existe una alerta severa&#8221;, agreg\u00f3.<\/p>\n<p>Adri\u00e1n Gonz\u00e1lez afirm\u00f3 que derivado de esta situaci\u00f3n, propondr\u00e1 que adem\u00e1s de ser investigado, este delito sea penado con 10 y hasta 20 a\u00f1os de c\u00e1rcel, pues el da\u00f1o ambiental es considerable.<\/p>\n<p>Finalmente coment\u00f3 que, &#8220;no es pretexto alguno que las penas ahorita sean de seis meses a nueve a\u00f1os de prisi\u00f3n. Hacemos un llamado a las fiscal\u00edas a que judicialicen todos los casos. Una de las grandes preocupaciones de los ciudadanos es que, cuando ven que hay una intervenci\u00f3n en flagrancia con alg\u00fan talador ilegal, a la semana otra vez lo ven en territorio&#8221;.<\/p>\n","protected":false},"excerpt":{"rendered":"<p>Dar\u00edo Pale Xalapa, Ver.- En el pr\u00f3ximo periodo ordinario de sesiones del Congreso de la Uni\u00f3n propondr\u00e1 una reforma para que se sancione con mayor rigor a quienes incurran en el delito de tala clandestina, as\u00ed lo dio a conocer Adri\u00e1n Gonz\u00e1lez Naveda para erradicar la tala ilegal en el Cofre de Perote. Se\u00f1al\u00f3 que, [&hellip;]<\/p>\n","protected":false},"author":2476,"featured_media":70009,"comment_status":"open","ping_status":"open","sticky":false,"template":"","format":"standard","meta":{"_jetpack_memberships_contains_paid_content":false,"footnotes":""},"categories":[2,12],"tags":[],"class_list":["post-70008","post","type-post","status-publish","format-standard","has-post-thumbnail","hentry","category-estado","category-nacional"],"jetpack_featured_media_url":"https:\/\/encuentroinformativo.com.mx\/wp-content\/uploads\/2025\/08\/IMG-20250813-WA0148.jpg","jetpack_sharing_enabled":true,"jetpack_likes_enabled":true,"amp_enabled":true,"_links":{"self":[{"href":"https:\/\/encuentroinformativo.com.mx\/index.php?rest_route=\/wp\/v2\/posts\/70008","targetHints":{"allow":["GET"]}}],"collection":[{"href":"https:\/\/encuentroinformativo.com.mx\/index.php?rest_route=\/wp\/v2\/posts"}],"about":[{"href":"https:\/\/encuentroinformativo.com.mx\/index.php?rest_route=\/wp\/v2\/types\/post"}],"author":[{"embeddable":true,"href":"https:\/\/encuentroinformativo.com.mx\/index.php?rest_route=\/wp\/v2\/users\/2476"}],"replies":[{"embeddable":true,"href":"https:\/\/encuentroinformativo.com.mx\/index.php?rest_route=%2Fwp%2Fv2%2Fcomments&post=70008"}],"version-history":[{"count":1,"href":"https:\/\/encuentroinformativo.com.mx\/index.php?rest_route=\/wp\/v2\/posts\/70008\/revisions"}],"predecessor-version":[{"id":70010,"href":"https:\/\/encuentroinformativo.com.mx\/index.php?rest_route=\/wp\/v2\/posts\/70008\/revisions\/70010"}],"wp:featuredmedia":[{"embeddable":true,"href":"https:\/\/encuentroinformativo.com.mx\/index.php?rest_route=\/wp\/v2\/media\/70009"}],"wp:attachment":[{"href":"https:\/\/encuentroinformativo.com.mx\/index.php?rest_route=%2Fwp%2Fv2%2Fmedia&parent=70008"}],"wp:term":[{"taxonomy":"category","embeddable":true,"href":"https:\/\/encuentroinformativo.com.mx\/index.php?rest_route=%2Fwp%2Fv2%2Fcategories&post=70008"},{"taxonomy":"post_tag","embeddable":true,"href":"https:\/\/encuentroinformativo.com.mx\/index.php?rest_route=%2Fwp%2Fv2%2Ftags&post=70008"}],"curies":[{"name":"wp","href":"https:\/\/api.w.org\/{rel}","templated":true}]}}